{"id":5467,"date":"2021-02-18T12:15:00","date_gmt":"2021-02-18T11:15:00","guid":{"rendered":"https:\/\/plataformakhetane.org\/?p=5467"},"modified":"2021-04-20T16:16:14","modified_gmt":"2021-04-20T14:16:14","slug":"los-tiempos-estan-cambiando-los-gitanos-de-espana-renuevan-la-lucha-por-sus-derechos","status":"publish","type":"post","link":"https:\/\/plataformakhetane.org\/index.php\/2021\/02\/18\/los-tiempos-estan-cambiando-los-gitanos-de-espana-renuevan-la-lucha-por-sus-derechos\/","title":{"rendered":"\u00abLos tiempos est\u00e1n cambiando\u00bb: los gitanos de Espa\u00f1a renuevan la lucha por sus derechos"},"content":{"rendered":"\n<h3>Una nueva generaci\u00f3n del Pueblo Gitano se enfrenta a la desigualdad<\/h3>\n\n\n\n<figure class=\"wp-block-pullquote\"><blockquote><p>El director de la Plataforma Khetane, I\u00f1aki V\u00e1zquez, junto al diputado Ismael Cort\u00e9s y el fundador de Tendencias Gitanas, Juli\u00e1n Borja, fu\u00e9 entrevistado por la corresponsal de Reuters en Espa\u00f1a, Laura Mannering, para este art\u00edculo que hemos traducido al espa\u00f1ol.<\/p><cite>Plataforma Khetane<\/cite><\/blockquote><\/figure>\n\n\n\n<p>Juli\u00e1n Borja Hern\u00e1ndez estudi\u00f3 mucho para evitar la lucha que enfrent\u00f3 su padre al llegar a fin de mes como comerciante ambulante del mercado. Ahora atiende el mismo puesto y dice que sus perspectivas profesionales se vieron frustradas como miembro de la minor\u00eda roman\u00ed marginada de Espa\u00f1a.<\/p>\n\n\n\n<p>\u00c9l culpa a la arraigada discriminaci\u00f3n racial por sus fracasadas b\u00fasquedas de empleo, un estigma que considera incrustado en siglos de persecuci\u00f3n y prejuicio popular que una nueva ola de activistas roman\u00edes est\u00e1 decidida a erradicar.<\/p>\n\n\n\n<p>Una propuesta destinada a abordar la desigualdad profundamente arraigada que padece la poblaci\u00f3n roman\u00ed de Espa\u00f1a, conocida localmente como gitanos, obtuvo el respaldo parlamentario de todos los partidos a fines del a\u00f1o pasado. Proporcion\u00f3 un rayo de optimismo para una comunidad que ha vivido en Espa\u00f1a durante generaciones y tiene al menos un mill\u00f3n de personas, seg\u00fan algunas estimaciones, pero que a\u00fan experimenta un alto desempleo, pobreza e infraviviendas.<\/p>\n\n\n\n<p>La nueva propuesta busca un pacto estatal para combatir la discriminaci\u00f3n y plantea una serie de medidas, entre las que se encuentran la mejora del acceso a la educaci\u00f3n, el fin de los barrios marginales y la inclusi\u00f3n del \u00abantigitanismo\u00bb en el c\u00f3digo penal del pa\u00eds.<\/p>\n\n\n\n<p>Aunque el marco no es legalmente vinculante, el gobierno debe responder en un plazo de seis meses, dice Ismael Cort\u00e9s, uno de los tres representantes roman\u00edes en el parlamento, el n\u00famero m\u00e1s alto de la historia.<\/p>\n\n\n\n<p>El hombre de 35 a\u00f1os present\u00f3 la propuesta y espera que se apruebe una comisi\u00f3n sobre discriminaci\u00f3n e inclusi\u00f3n en marzo.<\/p>\n\n\n\n<p>\u00abExiste la sensaci\u00f3n de que los tiempos est\u00e1n cambiando\u00bb, dijo a la Fundaci\u00f3n Thomson Reuters. \u00abM\u00e1s personas de la comunidad gitana se atreven a meterse en pol\u00edtica y hablar de cosas que antes no hubieran querido.<\/p>\n\n\n\n<p>\u00abHace cinco o seis a\u00f1os hablamos mucho de pobreza. Ahora se habla m\u00e1s de discriminaci\u00f3n, representaci\u00f3n y antigitanismo\u00bb.<\/p>\n\n\n\n<p>Cort\u00e9s cree que el racismo sist\u00e9mico contra la poblaci\u00f3n roman\u00ed de Espa\u00f1a tiene sus ra\u00edces en siglos de legislaci\u00f3n castigadora, incluidos los l\u00edmites sobre d\u00f3nde pueden vivir y viajar, y detenciones masivas.<\/p>\n\n\n\n<p>Fue solo en 1978, cuando Espa\u00f1a hizo la transici\u00f3n a la democracia despu\u00e9s de la muerte del dictador Francisco Franco, que termin\u00f3 la discriminaci\u00f3n legal contra la comunidad.<\/p>\n\n\n\n<p>Hasta entonces, la polic\u00eda todav\u00eda ten\u00eda el deber de vigilar \u00abescrupulosamente\u00bb a la comunidad roman\u00ed.<\/p>\n\n\n\n<p>Sin embargo, Cort\u00e9s dice que las sucesivas administraciones \u00abcerraron los ojos\u00bb a los prejuicios duraderos. \u00abLos gitanos son tratados sistem\u00e1ticamente como si fueran una poblaci\u00f3n de segunda categor\u00eda\u00bb, dijo.<\/p>\n\n\n\n<h4>Excluir<\/h4>\n\n\n\n<p>Para Borja Hern\u00e1ndez, la discriminaci\u00f3n puede significar que los guardias de seguridad lo sigan habitualmente en el supermercado o controles policiales frecuentes. Pero es el continuo rechazo de los empleadores lo que ha dejado la cicatriz m\u00e1s profunda.<\/p>\n\n\n\n<p>El padre de dos hijos de 38 a\u00f1os, que naci\u00f3 en Madrid y cuya familia ha vivido en Espa\u00f1a durante generaciones, ahora trabaja en el puesto de ropa que una vez dirigi\u00f3 su padre, ganando entre 650 y 800 euros (800 &#8211; 1.000 $), en un buen mes.<\/p>\n\n\n\n<p>Se resign\u00f3 a la vida como comerciante ambulante del mercado despu\u00e9s de intentar encontrar otros trabajos, ya sea en tiendas o bares, sin \u00e9xito.<\/p>\n\n\n\n<p>\u00abUna vez me ofrecieron un trabajo por tel\u00e9fono como conductor de una camioneta recolectando la recaudaci\u00f3n de las m\u00e1quinas tragamonedas. Por el sonido de mi voz no pod\u00edan deducir que era un gitano\u00bb, dijo.<\/p>\n\n\n\n<p>\u201cLa semana siguiente fui a la oficina del empleador y tan pronto como me vieron, empezaron a decir que hab\u00edan tenido que hacer recortes y que el trabajo ya no estaba disponible\u201d.<\/p>\n\n\n\n<p>\u00abNo dijeron directamente que era porque yo era gitano, pero estaba claro por la expresi\u00f3n de sorpresa en sus rostros que esa era la raz\u00f3n\u00bb.<\/p>\n\n\n\n<p>El incidente a los 20 a\u00f1os le provoc\u00f3 depresi\u00f3n.<\/p>\n\n\n\n<p>\u00abRealmente me llev\u00f3 a la conclusi\u00f3n de que mi lugar estaba en el fuera de la sociedad\u00bb, dijo.<\/p>\n\n\n\n<p>I\u00f1aki V\u00e1zquez Arenc\u00f3n, director de Plataforma Khetane, una federaci\u00f3n de m\u00e1s de 20 organizaciones territoriales gitanas, dijo que si bien la comunidad hab\u00eda optado hist\u00f3ricamente por trabajos que \u00abpreservaban su autonom\u00eda\u00bb, tambi\u00e9n se ve\u00edan influenciados por la percepci\u00f3n que encontraban si se apartaban de los oficios que se consideraban tradicionales para los gitanos.<\/p>\n\n\n\n<p>\u00abCuando una persona gitana busca un trabajo llamado \u00abnormal\u00bb, muy frecuentemente se encuentra con la barrera del antigitanismo\u00bb, dijo.<\/p>\n\n\n\n<h4>Encontrar una voz<\/h4>\n\n\n\n<p>En 2019, un <a href=\"https:\/\/nam02.safelinks.protection.outlook.com\/?url=https%3A%2F%2Fiseak.eu%2Fwp-content%2Fuploads%2F2019%2F09%2Finforme_FSG_ISEAK.pdf&amp;data=04%7C01%7CSophia.Sun%40thomsonreuters.com%7C84c580897755453e511b08d8d3621df0%7C62ccb8646a1a4b5d8e1c397dec1a8258%7C0%7C0%7C637491765680070353%7CUnknown%7CTWFpbGZsb3d8eyJWIjoiMC4wLjAwMDAiLCJQIjoiV2luMzIiLCJBTiI6Ik1haWwiLCJXVCI6Mn0%3D%7C1000&amp;sdata=cLwXXLB3sp1hvKLdB%2FUc63Vj4sgFmcq%2BUyBA3A0aacA%3D&amp;reserved=0\" target=\"_blank\" rel=\"noreferrer noopener\">informe<\/a> de la Fundaci\u00f3n Iseak para la ONG espa\u00f1ola Fundaci\u00f3n Secretariado Gitano encontr\u00f3 que m\u00e1s de la mitad de la poblaci\u00f3n gitana estaba desempleada, al menos tres veces la tasa nacional.<\/p>\n\n\n\n<p>De los que trabajaban, aproximadamente la mitad eran aut\u00f3nomos, a menudo dirigiendo puestos de mercado ambulante.<\/p>\n\n\n\n<p><strong><span style=\"color:#0c71c3\" class=\"has-inline-color\">La falta de educaci\u00f3n de calidad juega su papel<\/span><\/strong><\/p>\n\n\n\n<p>Si bien Borja Hern\u00e1ndez logr\u00f3 completar la escolaridad obligatoria, menos de una quinta parte de los estudiantes gitanos lo hacen, seg\u00fan el informe de Iseak.<\/p>\n\n\n\n<p>Muchos est\u00e1n alienados por un sistema segregado en el que los ni\u00f1os roman\u00edes a menudo son relegados a lo que V\u00e1zquez Arenc\u00f3n describi\u00f3 como \u00abescuelas de gueto\u00bb.<\/p>\n\n\n\n<p>La COVID-19 ha exacerbado esa desigualdad ya que los estudiantes roman\u00edes han tenido problemas para acceder al aprendizaje en l\u00ednea. Borja Hern\u00e1ndez dijo que sus hijos hac\u00edan todo su trabajo en un tel\u00e9fono m\u00f3vil cuando las escuelas estaban cerradas porque la familia no ten\u00eda computadora.<\/p>\n\n\n\n<p>El Consejo de Europa, que lucha por los derechos humanos en todo el continente, ha se\u00f1alado la educaci\u00f3n y el empleo como \u00e1reas clave de discriminaci\u00f3n persistente contra la poblaci\u00f3n roman\u00ed de Espa\u00f1a y <a href=\"https:\/\/nam02.safelinks.protection.outlook.com\/?url=https%3A%2F%2Fwww.coe.int%2Fen%2Fweb%2Fportal%2F-%2Fprotection-of-national-minorities-in-spain-progress-regarding-roma-but-anti-discrimination-laws-needed&amp;data=04%7C01%7CSophia.Sun%40thomsonreuters.com%7C84c580897755453e511b08d8d3621df0%7C62ccb8646a1a4b5d8e1c397dec1a8258%7C0%7C0%7C637491765680070353%7CUnknown%7CTWFpbGZsb3d8eyJWIjoiMC4wLjAwMDAiLCJQIjoiV2luMzIiLCJBTiI6Ik1haWwiLCJXVCI6Mn0%3D%7C1000&amp;sdata=c4B%2BRcwv0dqHr0gNhRaUNV3jJ0HGb4Kp4i%2BEIfsjAxI%3D&amp;reserved=0\" target=\"_blank\" rel=\"noreferrer noopener\">ha pedido que se introduzca una legislaci\u00f3n espec\u00edfica contra la discriminaci\u00f3n<\/a> para proteger a la comunidad.<\/p>\n\n\n\n<p>Un informe de las Naciones Unidas en 2020 dijo que se necesitaba una \u00abrespuesta a nivel de crisis\u00bb ya que \u00abpartes enteras de la poblaci\u00f3n han sido relegadas a un estatus de tercera clase\u00bb.<\/p>\n\n\n\n<p>Mientras tanto, Borja Hern\u00e1ndez est\u00e1 volvi\u00e9ndose a mentalizar en buscar trabajo de nuevo, temeroso de que la pandemia pueda significar el fin de la cultura de los mercados ambulantes.<\/p>\n\n\n\n<p><strong><span style=\"color:#0c71c3\" class=\"has-inline-color\">Es emblem\u00e1tico de los gitanos m\u00e1s j\u00f3venes que encuentran su voz<\/span><\/strong><\/p>\n\n\n\n<p>Sus p\u00e1ginas \u00abTendencias Gitanas\u00bb en Instagram, Facebook y YouTube, en las que publica videos musicales y bromas, as\u00ed como comentarios sobre la comunidad gitana, tienen miles de seguidores que comparten sus opiniones y experiencias.<\/p>\n\n\n\n<p>\u00abQuiero hablar con mi comunidad\u00bb, dijo a TRF. \u00abQuiero que la gente no se sienta sola\u00bb.<\/p>\n\n\n\n<p><\/p>\n\n\n\n<p>Autora: <a href=\"https:\/\/news.trust.org\/profile\/?id=0033z00002eBrJDAA0\" target=\"_blank\" rel=\"noreferrer noopener\">Laura Mannering<\/a><br>Fuente: <a href=\"https:\/\/news.trust.org\/item\/20210217152952-m4spy\/\" target=\"_blank\" rel=\"noreferrer noopener\">Fundaci\u00f3n Thomson Reuters<\/a><br>Traducci\u00f3n ingl\u00e9s-espa\u00f1ol: Plataforma Khetane<\/p>\n<span class=\"et_bloom_bottom_trigger\"><\/span>","protected":false},"excerpt":{"rendered":"<p>Una nueva generaci\u00f3n del Pueblo Gitano se enfrenta a la desigualdad El director de la Plataforma Khetane, I\u00f1aki V\u00e1zquez, junto al diputado Ismael Cort\u00e9s y el fundador de Tendencias Gitanas, Juli\u00e1n Borja, fu\u00e9 entrevistado por la corresponsal de Reuters en Espa\u00f1a, Laura Mannering, para este art\u00edculo que hemos traducido al espa\u00f1ol. Plataforma Khetane Juli\u00e1n Borja [&hellip;]<\/p>\n","protected":false},"author":1,"featured_media":5468,"comment_status":"open","ping_status":"open","sticky":false,"template":"","format":"standard","meta":{"_et_pb_use_builder":"off","_et_pb_old_content":"","_et_gb_content_width":"","_mi_skip_tracking":false,"_exactmetrics_sitenote_active":false,"_exactmetrics_sitenote_note":"","_exactmetrics_sitenote_category":0},"categories":[145],"tags":[],"yoast_head":"<!-- This site is optimized with the Yoast SEO plugin v18.5.1 - https:\/\/yoast.com\/wordpress\/plugins\/seo\/ -->\n<title>&quot;Los tiempos est\u00e1n cambiando&quot;: los gitanos de Espa\u00f1a renuevan la lucha por sus derechos - Plataforma Khetane<\/title>\n<meta name=\"robots\" content=\"index, follow, max-snippet:-1, max-image-preview:large, max-video-preview:-1\" \/>\n<link rel=\"canonical\" href=\"https:\/\/plataformakhetane.org\/index.php\/2021\/02\/18\/los-tiempos-estan-cambiando-los-gitanos-de-espana-renuevan-la-lucha-por-sus-derechos\/\" \/>\n<meta property=\"og:locale\" content=\"es_ES\" \/>\n<meta property=\"og:type\" content=\"article\" \/>\n<meta property=\"og:title\" content=\"&quot;Los tiempos est\u00e1n cambiando&quot;: los gitanos de Espa\u00f1a renuevan la lucha por sus derechos - Plataforma Khetane\" \/>\n<meta property=\"og:description\" content=\"Una nueva generaci\u00f3n del Pueblo Gitano se enfrenta a la desigualdad El director de la Plataforma Khetane, I\u00f1aki V\u00e1zquez, junto al diputado Ismael Cort\u00e9s y el fundador de Tendencias Gitanas, Juli\u00e1n Borja, fu\u00e9 entrevistado por la corresponsal de Reuters en Espa\u00f1a, Laura Mannering, para este art\u00edculo que hemos traducido al espa\u00f1ol. Plataforma Khetane Juli\u00e1n Borja [&hellip;]\" \/>\n<meta property=\"og:url\" content=\"https:\/\/plataformakhetane.org\/index.php\/2021\/02\/18\/los-tiempos-estan-cambiando-los-gitanos-de-espana-renuevan-la-lucha-por-sus-derechos\/\" \/>\n<meta property=\"og:site_name\" content=\"Plataforma Khetane\" \/>\n<meta property=\"article:author\" content=\"https:\/\/www.facebook.com\/Plataforma-Khetane-1269848463031206\/\" \/>\n<meta property=\"article:published_time\" content=\"2021-02-18T11:15:00+00:00\" \/>\n<meta property=\"article:modified_time\" content=\"2021-04-20T14:16:14+00:00\" \/>\n<meta property=\"og:image\" content=\"https:\/\/plataformakhetane.org\/wp-content\/uploads\/2021\/03\/Julian-Borja.png\" \/>\n\t<meta property=\"og:image:width\" content=\"1140\" \/>\n\t<meta property=\"og:image:height\" content=\"777\" \/>\n\t<meta property=\"og:image:type\" content=\"image\/png\" \/>\n<meta name=\"twitter:card\" content=\"summary\" \/>\n<meta name=\"twitter:creator\" content=\"@PlatafKhetane\" \/>\n<meta name=\"twitter:label1\" content=\"Escrito por\" \/>\n\t<meta name=\"twitter:data1\" content=\"Plataforma Khetane\" \/>\n\t<meta name=\"twitter:label2\" content=\"Tiempo de lectura\" \/>\n\t<meta name=\"twitter:data2\" content=\"5 minutos\" \/>\n<script type=\"application\/ld+json\" class=\"yoast-schema-graph\">{\"@context\":\"https:\/\/schema.org\",\"@graph\":[{\"@type\":\"WebSite\",\"@id\":\"https:\/\/plataformakhetane.org\/#website\",\"url\":\"https:\/\/plataformakhetane.org\/\",\"name\":\"Plataforma Khetane\",\"description\":\"Movimiento Asociativo Gitano del Estado Espa\u00f1ol\",\"potentialAction\":[{\"@type\":\"SearchAction\",\"target\":{\"@type\":\"EntryPoint\",\"urlTemplate\":\"https:\/\/plataformakhetane.org\/?s={search_term_string}\"},\"query-input\":\"required name=search_term_string\"}],\"inLanguage\":\"es\"},{\"@type\":\"ImageObject\",\"@id\":\"https:\/\/plataformakhetane.org\/index.php\/2021\/02\/18\/los-tiempos-estan-cambiando-los-gitanos-de-espana-renuevan-la-lucha-por-sus-derechos\/#primaryimage\",\"inLanguage\":\"es\",\"url\":\"https:\/\/plataformakhetane.org\/wp-content\/uploads\/2021\/03\/Julian-Borja.png\",\"contentUrl\":\"https:\/\/plataformakhetane.org\/wp-content\/uploads\/2021\/03\/Julian-Borja.png\",\"width\":1140,\"height\":777},{\"@type\":\"WebPage\",\"@id\":\"https:\/\/plataformakhetane.org\/index.php\/2021\/02\/18\/los-tiempos-estan-cambiando-los-gitanos-de-espana-renuevan-la-lucha-por-sus-derechos\/#webpage\",\"url\":\"https:\/\/plataformakhetane.org\/index.php\/2021\/02\/18\/los-tiempos-estan-cambiando-los-gitanos-de-espana-renuevan-la-lucha-por-sus-derechos\/\",\"name\":\"\\\"Los tiempos est\u00e1n cambiando\\\": los gitanos de Espa\u00f1a renuevan la lucha por sus derechos - Plataforma Khetane\",\"isPartOf\":{\"@id\":\"https:\/\/plataformakhetane.org\/#website\"},\"primaryImageOfPage\":{\"@id\":\"https:\/\/plataformakhetane.org\/index.php\/2021\/02\/18\/los-tiempos-estan-cambiando-los-gitanos-de-espana-renuevan-la-lucha-por-sus-derechos\/#primaryimage\"},\"datePublished\":\"2021-02-18T11:15:00+00:00\",\"dateModified\":\"2021-04-20T14:16:14+00:00\",\"author\":{\"@id\":\"https:\/\/plataformakhetane.org\/#\/schema\/person\/5bdfe07dfdc3db09fbf99f771e0c9017\"},\"breadcrumb\":{\"@id\":\"https:\/\/plataformakhetane.org\/index.php\/2021\/02\/18\/los-tiempos-estan-cambiando-los-gitanos-de-espana-renuevan-la-lucha-por-sus-derechos\/#breadcrumb\"},\"inLanguage\":\"es\",\"potentialAction\":[{\"@type\":\"ReadAction\",\"target\":[\"https:\/\/plataformakhetane.org\/index.php\/2021\/02\/18\/los-tiempos-estan-cambiando-los-gitanos-de-espana-renuevan-la-lucha-por-sus-derechos\/\"]}]},{\"@type\":\"BreadcrumbList\",\"@id\":\"https:\/\/plataformakhetane.org\/index.php\/2021\/02\/18\/los-tiempos-estan-cambiando-los-gitanos-de-espana-renuevan-la-lucha-por-sus-derechos\/#breadcrumb\",\"itemListElement\":[{\"@type\":\"ListItem\",\"position\":1,\"name\":\"Portada\",\"item\":\"https:\/\/plataformakhetane.org\/\"},{\"@type\":\"ListItem\",\"position\":2,\"name\":\"\u00abLos tiempos est\u00e1n cambiando\u00bb: los gitanos de Espa\u00f1a renuevan la lucha por sus derechos\"}]},{\"@type\":\"Person\",\"@id\":\"https:\/\/plataformakhetane.org\/#\/schema\/person\/5bdfe07dfdc3db09fbf99f771e0c9017\",\"name\":\"Plataforma Khetane\",\"image\":{\"@type\":\"ImageObject\",\"@id\":\"https:\/\/plataformakhetane.org\/#personlogo\",\"inLanguage\":\"es\",\"url\":\"https:\/\/secure.gravatar.com\/avatar\/f76b19d860d0d844afbb6c94250ad7e2?s=96&d=mm&r=g\",\"contentUrl\":\"https:\/\/secure.gravatar.com\/avatar\/f76b19d860d0d844afbb6c94250ad7e2?s=96&d=mm&r=g\",\"caption\":\"Plataforma Khetane\"},\"sameAs\":[\"https:\/\/www.plataformakhetane.com\",\"https:\/\/www.facebook.com\/Plataforma-Khetane-1269848463031206\/\",\"https:\/\/www.instagram.com\/plataformakhetane\/\",\"https:\/\/twitter.com\/PlatafKhetane\",\"https:\/\/www.youtube.com\/channel\/UCpCq173gSHV2_e9fwbqtTwA\"],\"url\":\"https:\/\/plataformakhetane.org\/index.php\/author\/gitano1_webkhetane\/\"}]}<\/script>\n<!-- \/ Yoast SEO plugin. -->","yoast_head_json":{"title":"\"Los tiempos est\u00e1n cambiando\": los gitanos de Espa\u00f1a renuevan la lucha por sus derechos - Plataforma Khetane","robots":{"index":"index","follow":"follow","max-snippet":"max-snippet:-1","max-image-preview":"max-image-preview:large","max-video-preview":"max-video-preview:-1"},"canonical":"https:\/\/plataformakhetane.org\/index.php\/2021\/02\/18\/los-tiempos-estan-cambiando-los-gitanos-de-espana-renuevan-la-lucha-por-sus-derechos\/","og_locale":"es_ES","og_type":"article","og_title":"\"Los tiempos est\u00e1n cambiando\": los gitanos de Espa\u00f1a renuevan la lucha por sus derechos - Plataforma Khetane","og_description":"Una nueva generaci\u00f3n del Pueblo Gitano se enfrenta a la desigualdad El director de la Plataforma Khetane, I\u00f1aki V\u00e1zquez, junto al diputado Ismael Cort\u00e9s y el fundador de Tendencias Gitanas, Juli\u00e1n Borja, fu\u00e9 entrevistado por la corresponsal de Reuters en Espa\u00f1a, Laura Mannering, para este art\u00edculo que hemos traducido al espa\u00f1ol. Plataforma Khetane Juli\u00e1n Borja [&hellip;]","og_url":"https:\/\/plataformakhetane.org\/index.php\/2021\/02\/18\/los-tiempos-estan-cambiando-los-gitanos-de-espana-renuevan-la-lucha-por-sus-derechos\/","og_site_name":"Plataforma Khetane","article_author":"https:\/\/www.facebook.com\/Plataforma-Khetane-1269848463031206\/","article_published_time":"2021-02-18T11:15:00+00:00","article_modified_time":"2021-04-20T14:16:14+00:00","og_image":[{"width":1140,"height":777,"url":"https:\/\/plataformakhetane.org\/wp-content\/uploads\/2021\/03\/Julian-Borja.png","type":"image\/png"}],"twitter_card":"summary","twitter_creator":"@PlatafKhetane","twitter_misc":{"Escrito por":"Plataforma Khetane","Tiempo de lectura":"5 minutos"},"schema":{"@context":"https:\/\/schema.org","@graph":[{"@type":"WebSite","@id":"https:\/\/plataformakhetane.org\/#website","url":"https:\/\/plataformakhetane.org\/","name":"Plataforma Khetane","description":"Movimiento Asociativo Gitano del Estado Espa\u00f1ol","potentialAction":[{"@type":"SearchAction","target":{"@type":"EntryPoint","urlTemplate":"https:\/\/plataformakhetane.org\/?s={search_term_string}"},"query-input":"required name=search_term_string"}],"inLanguage":"es"},{"@type":"ImageObject","@id":"https:\/\/plataformakhetane.org\/index.php\/2021\/02\/18\/los-tiempos-estan-cambiando-los-gitanos-de-espana-renuevan-la-lucha-por-sus-derechos\/#primaryimage","inLanguage":"es","url":"https:\/\/plataformakhetane.org\/wp-content\/uploads\/2021\/03\/Julian-Borja.png","contentUrl":"https:\/\/plataformakhetane.org\/wp-content\/uploads\/2021\/03\/Julian-Borja.png","width":1140,"height":777},{"@type":"WebPage","@id":"https:\/\/plataformakhetane.org\/index.php\/2021\/02\/18\/los-tiempos-estan-cambiando-los-gitanos-de-espana-renuevan-la-lucha-por-sus-derechos\/#webpage","url":"https:\/\/plataformakhetane.org\/index.php\/2021\/02\/18\/los-tiempos-estan-cambiando-los-gitanos-de-espana-renuevan-la-lucha-por-sus-derechos\/","name":"\"Los tiempos est\u00e1n cambiando\": los gitanos de Espa\u00f1a renuevan la lucha por sus derechos - Plataforma Khetane","isPartOf":{"@id":"https:\/\/plataformakhetane.org\/#website"},"primaryImageOfPage":{"@id":"https:\/\/plataformakhetane.org\/index.php\/2021\/02\/18\/los-tiempos-estan-cambiando-los-gitanos-de-espana-renuevan-la-lucha-por-sus-derechos\/#primaryimage"},"datePublished":"2021-02-18T11:15:00+00:00","dateModified":"2021-04-20T14:16:14+00:00","author":{"@id":"https:\/\/plataformakhetane.org\/#\/schema\/person\/5bdfe07dfdc3db09fbf99f771e0c9017"},"breadcrumb":{"@id":"https:\/\/plataformakhetane.org\/index.php\/2021\/02\/18\/los-tiempos-estan-cambiando-los-gitanos-de-espana-renuevan-la-lucha-por-sus-derechos\/#breadcrumb"},"inLanguage":"es","potentialAction":[{"@type":"ReadAction","target":["https:\/\/plataformakhetane.org\/index.php\/2021\/02\/18\/los-tiempos-estan-cambiando-los-gitanos-de-espana-renuevan-la-lucha-por-sus-derechos\/"]}]},{"@type":"BreadcrumbList","@id":"https:\/\/plataformakhetane.org\/index.php\/2021\/02\/18\/los-tiempos-estan-cambiando-los-gitanos-de-espana-renuevan-la-lucha-por-sus-derechos\/#breadcrumb","itemListElement":[{"@type":"ListItem","position":1,"name":"Portada","item":"https:\/\/plataformakhetane.org\/"},{"@type":"ListItem","position":2,"name":"\u00abLos tiempos est\u00e1n cambiando\u00bb: los gitanos de Espa\u00f1a renuevan la lucha por sus derechos"}]},{"@type":"Person","@id":"https:\/\/plataformakhetane.org\/#\/schema\/person\/5bdfe07dfdc3db09fbf99f771e0c9017","name":"Plataforma Khetane","image":{"@type":"ImageObject","@id":"https:\/\/plataformakhetane.org\/#personlogo","inLanguage":"es","url":"https:\/\/secure.gravatar.com\/avatar\/f76b19d860d0d844afbb6c94250ad7e2?s=96&d=mm&r=g","contentUrl":"https:\/\/secure.gravatar.com\/avatar\/f76b19d860d0d844afbb6c94250ad7e2?s=96&d=mm&r=g","caption":"Plataforma Khetane"},"sameAs":["https:\/\/www.plataformakhetane.com","https:\/\/www.facebook.com\/Plataforma-Khetane-1269848463031206\/","https:\/\/www.instagram.com\/plataformakhetane\/","https:\/\/twitter.com\/PlatafKhetane","https:\/\/www.youtube.com\/channel\/UCpCq173gSHV2_e9fwbqtTwA"],"url":"https:\/\/plataformakhetane.org\/index.php\/author\/gitano1_webkhetane\/"}]}},"_links":{"self":[{"href":"https:\/\/plataformakhetane.org\/index.php\/wp-json\/wp\/v2\/posts\/5467"}],"collection":[{"href":"https:\/\/plataformakhetane.org\/index.php\/wp-json\/wp\/v2\/posts"}],"about":[{"href":"https:\/\/plataformakhetane.org\/index.php\/wp-json\/wp\/v2\/types\/post"}],"author":[{"embeddable":true,"href":"https:\/\/plataformakhetane.org\/index.php\/wp-json\/wp\/v2\/users\/1"}],"replies":[{"embeddable":true,"href":"https:\/\/plataformakhetane.org\/index.php\/wp-json\/wp\/v2\/comments?post=5467"}],"version-history":[{"count":7,"href":"https:\/\/plataformakhetane.org\/index.php\/wp-json\/wp\/v2\/posts\/5467\/revisions"}],"predecessor-version":[{"id":5719,"href":"https:\/\/plataformakhetane.org\/index.php\/wp-json\/wp\/v2\/posts\/5467\/revisions\/5719"}],"wp:featuredmedia":[{"embeddable":true,"href":"https:\/\/plataformakhetane.org\/index.php\/wp-json\/wp\/v2\/media\/5468"}],"wp:attachment":[{"href":"https:\/\/plataformakhetane.org\/index.php\/wp-json\/wp\/v2\/media?parent=5467"}],"wp:term":[{"taxonomy":"category","embeddable":true,"href":"https:\/\/plataformakhetane.org\/index.php\/wp-json\/wp\/v2\/categories?post=5467"},{"taxonomy":"post_tag","embeddable":true,"href":"https:\/\/plataformakhetane.org\/index.php\/wp-json\/wp\/v2\/tags?post=5467"}],"curies":[{"name":"wp","href":"https:\/\/api.w.org\/{rel}","templated":true}]}}