{"id":4973,"date":"2020-06-02T15:54:00","date_gmt":"2020-06-02T13:54:00","guid":{"rendered":"http:\/\/plataformakhetane.org\/?p=4973"},"modified":"2020-06-16T12:59:35","modified_gmt":"2020-06-16T10:59:35","slug":"la-voz-de-la-sociedad-civil-gitana-suena-en-el-congreso-de-los-diputados","status":"publish","type":"post","link":"https:\/\/plataformakhetane.org\/index.php\/2020\/06\/02\/la-voz-de-la-sociedad-civil-gitana-suena-en-el-congreso-de-los-diputados\/","title":{"rendered":"La voz de la sociedad civil gitana suena en el Congreso de los Diputados"},"content":{"rendered":"\n<p>El lunes 1 de junio, la Plataforma Khetane compareci\u00f3 en el Grupo de Trabajo de Pol\u00edticas Sociales y Sistema de Cuidados de la Comisi\u00f3n de Reconstrucci\u00f3n del Pa\u00eds, en el Congreso de los Diputados.<\/p>\n\n\n\n<p>Esta comparecencia es un hecho hist\u00f3rico ya que es la primera vez desde el inicio de la democracia espa\u00f1ola que una organizaci\u00f3n gitana es llamada por la Cortes Generales para ser escuchada.<\/p>\n\n\n\n<figure class=\"wp-block-embed-youtube wp-block-embed is-type-video is-provider-youtube wp-embed-aspect-16-9 wp-has-aspect-ratio\"><div class=\"wp-block-embed__wrapper\">\n<iframe loading=\"lazy\" title=\"Comparecencia de la Plataforma Khetane en el Congreso de los Diputados en Junio de 2020 - 1\u00ba parte\" width=\"1080\" height=\"608\" src=\"https:\/\/www.youtube.com\/embed\/4eYRSgZJGcY?feature=oembed\" frameborder=\"0\" allow=\"accelerometer; autoplay; encrypted-media; gyroscope; picture-in-picture\" allowfullscreen><\/iframe>\n<\/div><\/figure>\n\n\n\n<figure class=\"wp-block-embed-youtube wp-block-embed is-type-video is-provider-youtube wp-embed-aspect-16-9 wp-has-aspect-ratio\"><div class=\"wp-block-embed__wrapper\">\n<iframe loading=\"lazy\" title=\"Comparecencia de la Plataforma Khetane en el Congreso de los Diputados en Junio de 2020 - 2\u00aa parte\" width=\"1080\" height=\"608\" src=\"https:\/\/www.youtube.com\/embed\/JcKJHf96dbc?feature=oembed\" frameborder=\"0\" allow=\"accelerometer; autoplay; encrypted-media; gyroscope; picture-in-picture\" allowfullscreen><\/iframe>\n<\/div><\/figure>\n\n\n\n<p>La representaci\u00f3n de Khetane fue a cargo de I\u00f1aki V\u00e1zquez Arenc\u00f3n, director de nuestra Plataforma. En las intervenciones realizadas se puso de evidencia la situaci\u00f3n de emergencia que sufre nuestro Pueblo, especialmente desde la aparici\u00f3n de la pandemia de la COVID-19 y la necesidad imperiosa que los poderes p\u00fablicos act\u00faen de manera decidida y dejen atr\u00e1s las declaraciones m\u00e1s o menos bien intencionadas.<\/p>\n\n\n\n<p>Con esta aparici\u00f3n p\u00fablica se ha puesto encima de la mesa temas que en otras ocasiones pasaban inadvertidos o tratados de manera menor por quien se le otorgaba la representaci\u00f3n del Pueblo Gitano. De esa manera se ha demostrado que no solo se trata de que quien hable sea gitano, si no el punto de partida de quien hable y la necesidad de poner luz a las injusticias estructurales que vive nuestro Pueblo, agravadas ahora con la crisis del coronavirus.<\/p>\n\n\n\n<p>Se remarc\u00f3 la necesidad de abordar de manera inequ\u00edvoca el antigitanismo como fen\u00f3meno estructural y institucional, la necesidad de actuar urgentemente para rescatar el sector econ\u00f3mico de la venta ambulante, que esta inmerso ya en una situaci\u00f3n de crisis humanitaria, y denunciar la verg\u00fcenza que supone la segregaci\u00f3n residencial y educativa en la que est\u00e1 inmersa gran parte de la poblaci\u00f3n gitana en Espa\u00f1a.<\/p>\n\n\n\n<p>Con motivo de esta comparecencia, la Plataforma Khetane a elaborado un documento que se ha distribuido entre todos los grupos parlamentarios del Congreso de los Diputados que se puede consultar el pie de esta noticia.<\/p>\n\n\n\n<p>En palabras de I\u00f1aki V\u00e1zquez: \u201cno se podr\u00e1 reconstruir el pa\u00eds sin los gitanos y las gitanas. Aunque ustedes (los diputados y diputadas) miren para otro lado, la injusticia, la exclusi\u00f3n y la conflictividad social estar\u00e1n en las calles. Act\u00faen. No tenemos tiempo para esperar\u201d.<\/p>\n\n\n\n<div class=\"wp-container-1 wp-block-buttons\">\n<div class=\"wp-block-button\"><a class=\"wp-block-button__link has-background has-vivid-cyan-blue-background-color\" href=\"http:\/\/plataformakhetane.org\/wp-content\/uploads\/2020\/06\/2020_06_01-INFORME-DE-LA-SITUACION-DE-LA-POBLACION-GITANA-EN-LA-CRISIS-COVID-19.pdf\" target=\"_blank\" rel=\"noreferrer noopener\">Informe de la comparecencia de la Plataforma Khetane en el Congreso<\/a><\/div>\n<\/div>\n\n\n\n<p><\/p>\n<span class=\"et_bloom_bottom_trigger\"><\/span>","protected":false},"excerpt":{"rendered":"<p>El lunes 1 de junio, la Plataforma Khetane compareci\u00f3 en el Grupo de Trabajo de Pol\u00edticas Sociales y Sistema de Cuidados de la Comisi\u00f3n de Reconstrucci\u00f3n del Pa\u00eds, en el Congreso de los Diputados. Esta comparecencia es un hecho hist\u00f3rico ya que es la primera vez desde el inicio de la democracia espa\u00f1ola que una [&hellip;]<\/p>\n","protected":false},"author":1,"featured_media":4988,"comment_status":"open","ping_status":"open","sticky":false,"template":"","format":"standard","meta":{"_et_pb_use_builder":"off","_et_pb_old_content":"","_et_gb_content_width":"","_mi_skip_tracking":false,"_exactmetrics_sitenote_active":false,"_exactmetrics_sitenote_note":"","_exactmetrics_sitenote_category":0},"categories":[5],"tags":[],"yoast_head":"<!-- This site is optimized with the Yoast SEO plugin v18.5.1 - https:\/\/yoast.com\/wordpress\/plugins\/seo\/ -->\n<title>La voz de la sociedad civil gitana suena en el Congreso de los Diputados - Plataforma Khetane<\/title>\n<meta name=\"robots\" content=\"index, follow, max-snippet:-1, max-image-preview:large, max-video-preview:-1\" \/>\n<link rel=\"canonical\" href=\"https:\/\/plataformakhetane.org\/index.php\/2020\/06\/02\/la-voz-de-la-sociedad-civil-gitana-suena-en-el-congreso-de-los-diputados\/\" \/>\n<meta property=\"og:locale\" content=\"es_ES\" \/>\n<meta property=\"og:type\" content=\"article\" \/>\n<meta property=\"og:title\" content=\"La voz de la sociedad civil gitana suena en el Congreso de los Diputados - Plataforma Khetane\" \/>\n<meta property=\"og:description\" content=\"El lunes 1 de junio, la Plataforma Khetane compareci\u00f3 en el Grupo de Trabajo de Pol\u00edticas Sociales y Sistema de Cuidados de la Comisi\u00f3n de Reconstrucci\u00f3n del Pa\u00eds, en el Congreso de los Diputados. Esta comparecencia es un hecho hist\u00f3rico ya que es la primera vez desde el inicio de la democracia espa\u00f1ola que una [&hellip;]\" \/>\n<meta property=\"og:url\" content=\"https:\/\/plataformakhetane.org\/index.php\/2020\/06\/02\/la-voz-de-la-sociedad-civil-gitana-suena-en-el-congreso-de-los-diputados\/\" \/>\n<meta property=\"og:site_name\" content=\"Plataforma Khetane\" \/>\n<meta property=\"article:author\" content=\"https:\/\/www.facebook.com\/Plataforma-Khetane-1269848463031206\/\" \/>\n<meta property=\"article:published_time\" content=\"2020-06-02T13:54:00+00:00\" \/>\n<meta property=\"article:modified_time\" content=\"2020-06-16T10:59:35+00:00\" \/>\n<meta property=\"og:image\" content=\"https:\/\/plataformakhetane.org\/wp-content\/uploads\/2020\/06\/Inaki-en-el-Congreso.jpg\" \/>\n\t<meta property=\"og:image:width\" content=\"960\" \/>\n\t<meta property=\"og:image:height\" content=\"686\" \/>\n\t<meta property=\"og:image:type\" content=\"image\/jpeg\" \/>\n<meta name=\"twitter:card\" content=\"summary\" \/>\n<meta name=\"twitter:creator\" content=\"@PlatafKhetane\" \/>\n<meta name=\"twitter:label1\" content=\"Escrito por\" \/>\n\t<meta name=\"twitter:data1\" content=\"Plataforma Khetane\" \/>\n\t<meta name=\"twitter:label2\" content=\"Tiempo de lectura\" \/>\n\t<meta name=\"twitter:data2\" content=\"2 minutos\" \/>\n<script type=\"application\/ld+json\" class=\"yoast-schema-graph\">{\"@context\":\"https:\/\/schema.org\",\"@graph\":[{\"@type\":\"WebSite\",\"@id\":\"https:\/\/plataformakhetane.org\/#website\",\"url\":\"https:\/\/plataformakhetane.org\/\",\"name\":\"Plataforma Khetane\",\"description\":\"Movimiento Asociativo Gitano del Estado Espa\u00f1ol\",\"potentialAction\":[{\"@type\":\"SearchAction\",\"target\":{\"@type\":\"EntryPoint\",\"urlTemplate\":\"https:\/\/plataformakhetane.org\/?s={search_term_string}\"},\"query-input\":\"required name=search_term_string\"}],\"inLanguage\":\"es\"},{\"@type\":\"ImageObject\",\"@id\":\"https:\/\/plataformakhetane.org\/index.php\/2020\/06\/02\/la-voz-de-la-sociedad-civil-gitana-suena-en-el-congreso-de-los-diputados\/#primaryimage\",\"inLanguage\":\"es\",\"url\":\"https:\/\/plataformakhetane.org\/wp-content\/uploads\/2020\/06\/Inaki-en-el-Congreso.jpg\",\"contentUrl\":\"https:\/\/plataformakhetane.org\/wp-content\/uploads\/2020\/06\/Inaki-en-el-Congreso.jpg\",\"width\":960,\"height\":686},{\"@type\":\"WebPage\",\"@id\":\"https:\/\/plataformakhetane.org\/index.php\/2020\/06\/02\/la-voz-de-la-sociedad-civil-gitana-suena-en-el-congreso-de-los-diputados\/#webpage\",\"url\":\"https:\/\/plataformakhetane.org\/index.php\/2020\/06\/02\/la-voz-de-la-sociedad-civil-gitana-suena-en-el-congreso-de-los-diputados\/\",\"name\":\"La voz de la sociedad civil gitana suena en el Congreso de los Diputados - Plataforma Khetane\",\"isPartOf\":{\"@id\":\"https:\/\/plataformakhetane.org\/#website\"},\"primaryImageOfPage\":{\"@id\":\"https:\/\/plataformakhetane.org\/index.php\/2020\/06\/02\/la-voz-de-la-sociedad-civil-gitana-suena-en-el-congreso-de-los-diputados\/#primaryimage\"},\"datePublished\":\"2020-06-02T13:54:00+00:00\",\"dateModified\":\"2020-06-16T10:59:35+00:00\",\"author\":{\"@id\":\"https:\/\/plataformakhetane.org\/#\/schema\/person\/5bdfe07dfdc3db09fbf99f771e0c9017\"},\"breadcrumb\":{\"@id\":\"https:\/\/plataformakhetane.org\/index.php\/2020\/06\/02\/la-voz-de-la-sociedad-civil-gitana-suena-en-el-congreso-de-los-diputados\/#breadcrumb\"},\"inLanguage\":\"es\",\"potentialAction\":[{\"@type\":\"ReadAction\",\"target\":[\"https:\/\/plataformakhetane.org\/index.php\/2020\/06\/02\/la-voz-de-la-sociedad-civil-gitana-suena-en-el-congreso-de-los-diputados\/\"]}]},{\"@type\":\"BreadcrumbList\",\"@id\":\"https:\/\/plataformakhetane.org\/index.php\/2020\/06\/02\/la-voz-de-la-sociedad-civil-gitana-suena-en-el-congreso-de-los-diputados\/#breadcrumb\",\"itemListElement\":[{\"@type\":\"ListItem\",\"position\":1,\"name\":\"Portada\",\"item\":\"https:\/\/plataformakhetane.org\/\"},{\"@type\":\"ListItem\",\"position\":2,\"name\":\"La voz de la sociedad civil gitana suena en el Congreso de los Diputados\"}]},{\"@type\":\"Person\",\"@id\":\"https:\/\/plataformakhetane.org\/#\/schema\/person\/5bdfe07dfdc3db09fbf99f771e0c9017\",\"name\":\"Plataforma Khetane\",\"image\":{\"@type\":\"ImageObject\",\"@id\":\"https:\/\/plataformakhetane.org\/#personlogo\",\"inLanguage\":\"es\",\"url\":\"https:\/\/secure.gravatar.com\/avatar\/f76b19d860d0d844afbb6c94250ad7e2?s=96&d=mm&r=g\",\"contentUrl\":\"https:\/\/secure.gravatar.com\/avatar\/f76b19d860d0d844afbb6c94250ad7e2?s=96&d=mm&r=g\",\"caption\":\"Plataforma Khetane\"},\"sameAs\":[\"https:\/\/www.plataformakhetane.com\",\"https:\/\/www.facebook.com\/Plataforma-Khetane-1269848463031206\/\",\"https:\/\/www.instagram.com\/plataformakhetane\/\",\"https:\/\/twitter.com\/PlatafKhetane\",\"https:\/\/www.youtube.com\/channel\/UCpCq173gSHV2_e9fwbqtTwA\"],\"url\":\"https:\/\/plataformakhetane.org\/index.php\/author\/gitano1_webkhetane\/\"}]}<\/script>\n<!-- \/ Yoast SEO plugin. -->","yoast_head_json":{"title":"La voz de la sociedad civil gitana suena en el Congreso de los Diputados - Plataforma Khetane","robots":{"index":"index","follow":"follow","max-snippet":"max-snippet:-1","max-image-preview":"max-image-preview:large","max-video-preview":"max-video-preview:-1"},"canonical":"https:\/\/plataformakhetane.org\/index.php\/2020\/06\/02\/la-voz-de-la-sociedad-civil-gitana-suena-en-el-congreso-de-los-diputados\/","og_locale":"es_ES","og_type":"article","og_title":"La voz de la sociedad civil gitana suena en el Congreso de los Diputados - Plataforma Khetane","og_description":"El lunes 1 de junio, la Plataforma Khetane compareci\u00f3 en el Grupo de Trabajo de Pol\u00edticas Sociales y Sistema de Cuidados de la Comisi\u00f3n de Reconstrucci\u00f3n del Pa\u00eds, en el Congreso de los Diputados. Esta comparecencia es un hecho hist\u00f3rico ya que es la primera vez desde el inicio de la democracia espa\u00f1ola que una [&hellip;]","og_url":"https:\/\/plataformakhetane.org\/index.php\/2020\/06\/02\/la-voz-de-la-sociedad-civil-gitana-suena-en-el-congreso-de-los-diputados\/","og_site_name":"Plataforma Khetane","article_author":"https:\/\/www.facebook.com\/Plataforma-Khetane-1269848463031206\/","article_published_time":"2020-06-02T13:54:00+00:00","article_modified_time":"2020-06-16T10:59:35+00:00","og_image":[{"width":960,"height":686,"url":"https:\/\/plataformakhetane.org\/wp-content\/uploads\/2020\/06\/Inaki-en-el-Congreso.jpg","type":"image\/jpeg"}],"twitter_card":"summary","twitter_creator":"@PlatafKhetane","twitter_misc":{"Escrito por":"Plataforma Khetane","Tiempo de lectura":"2 minutos"},"schema":{"@context":"https:\/\/schema.org","@graph":[{"@type":"WebSite","@id":"https:\/\/plataformakhetane.org\/#website","url":"https:\/\/plataformakhetane.org\/","name":"Plataforma Khetane","description":"Movimiento Asociativo Gitano del Estado Espa\u00f1ol","potentialAction":[{"@type":"SearchAction","target":{"@type":"EntryPoint","urlTemplate":"https:\/\/plataformakhetane.org\/?s={search_term_string}"},"query-input":"required name=search_term_string"}],"inLanguage":"es"},{"@type":"ImageObject","@id":"https:\/\/plataformakhetane.org\/index.php\/2020\/06\/02\/la-voz-de-la-sociedad-civil-gitana-suena-en-el-congreso-de-los-diputados\/#primaryimage","inLanguage":"es","url":"https:\/\/plataformakhetane.org\/wp-content\/uploads\/2020\/06\/Inaki-en-el-Congreso.jpg","contentUrl":"https:\/\/plataformakhetane.org\/wp-content\/uploads\/2020\/06\/Inaki-en-el-Congreso.jpg","width":960,"height":686},{"@type":"WebPage","@id":"https:\/\/plataformakhetane.org\/index.php\/2020\/06\/02\/la-voz-de-la-sociedad-civil-gitana-suena-en-el-congreso-de-los-diputados\/#webpage","url":"https:\/\/plataformakhetane.org\/index.php\/2020\/06\/02\/la-voz-de-la-sociedad-civil-gitana-suena-en-el-congreso-de-los-diputados\/","name":"La voz de la sociedad civil gitana suena en el Congreso de los Diputados - Plataforma Khetane","isPartOf":{"@id":"https:\/\/plataformakhetane.org\/#website"},"primaryImageOfPage":{"@id":"https:\/\/plataformakhetane.org\/index.php\/2020\/06\/02\/la-voz-de-la-sociedad-civil-gitana-suena-en-el-congreso-de-los-diputados\/#primaryimage"},"datePublished":"2020-06-02T13:54:00+00:00","dateModified":"2020-06-16T10:59:35+00:00","author":{"@id":"https:\/\/plataformakhetane.org\/#\/schema\/person\/5bdfe07dfdc3db09fbf99f771e0c9017"},"breadcrumb":{"@id":"https:\/\/plataformakhetane.org\/index.php\/2020\/06\/02\/la-voz-de-la-sociedad-civil-gitana-suena-en-el-congreso-de-los-diputados\/#breadcrumb"},"inLanguage":"es","potentialAction":[{"@type":"ReadAction","target":["https:\/\/plataformakhetane.org\/index.php\/2020\/06\/02\/la-voz-de-la-sociedad-civil-gitana-suena-en-el-congreso-de-los-diputados\/"]}]},{"@type":"BreadcrumbList","@id":"https:\/\/plataformakhetane.org\/index.php\/2020\/06\/02\/la-voz-de-la-sociedad-civil-gitana-suena-en-el-congreso-de-los-diputados\/#breadcrumb","itemListElement":[{"@type":"ListItem","position":1,"name":"Portada","item":"https:\/\/plataformakhetane.org\/"},{"@type":"ListItem","position":2,"name":"La voz de la sociedad civil gitana suena en el Congreso de los Diputados"}]},{"@type":"Person","@id":"https:\/\/plataformakhetane.org\/#\/schema\/person\/5bdfe07dfdc3db09fbf99f771e0c9017","name":"Plataforma Khetane","image":{"@type":"ImageObject","@id":"https:\/\/plataformakhetane.org\/#personlogo","inLanguage":"es","url":"https:\/\/secure.gravatar.com\/avatar\/f76b19d860d0d844afbb6c94250ad7e2?s=96&d=mm&r=g","contentUrl":"https:\/\/secure.gravatar.com\/avatar\/f76b19d860d0d844afbb6c94250ad7e2?s=96&d=mm&r=g","caption":"Plataforma Khetane"},"sameAs":["https:\/\/www.plataformakhetane.com","https:\/\/www.facebook.com\/Plataforma-Khetane-1269848463031206\/","https:\/\/www.instagram.com\/plataformakhetane\/","https:\/\/twitter.com\/PlatafKhetane","https:\/\/www.youtube.com\/channel\/UCpCq173gSHV2_e9fwbqtTwA"],"url":"https:\/\/plataformakhetane.org\/index.php\/author\/gitano1_webkhetane\/"}]}},"_links":{"self":[{"href":"https:\/\/plataformakhetane.org\/index.php\/wp-json\/wp\/v2\/posts\/4973"}],"collection":[{"href":"https:\/\/plataformakhetane.org\/index.php\/wp-json\/wp\/v2\/posts"}],"about":[{"href":"https:\/\/plataformakhetane.org\/index.php\/wp-json\/wp\/v2\/types\/post"}],"author":[{"embeddable":true,"href":"https:\/\/plataformakhetane.org\/index.php\/wp-json\/wp\/v2\/users\/1"}],"replies":[{"embeddable":true,"href":"https:\/\/plataformakhetane.org\/index.php\/wp-json\/wp\/v2\/comments?post=4973"}],"version-history":[{"count":3,"href":"https:\/\/plataformakhetane.org\/index.php\/wp-json\/wp\/v2\/posts\/4973\/revisions"}],"predecessor-version":[{"id":4984,"href":"https:\/\/plataformakhetane.org\/index.php\/wp-json\/wp\/v2\/posts\/4973\/revisions\/4984"}],"wp:featuredmedia":[{"embeddable":true,"href":"https:\/\/plataformakhetane.org\/index.php\/wp-json\/wp\/v2\/media\/4988"}],"wp:attachment":[{"href":"https:\/\/plataformakhetane.org\/index.php\/wp-json\/wp\/v2\/media?parent=4973"}],"wp:term":[{"taxonomy":"category","embeddable":true,"href":"https:\/\/plataformakhetane.org\/index.php\/wp-json\/wp\/v2\/categories?post=4973"},{"taxonomy":"post_tag","embeddable":true,"href":"https:\/\/plataformakhetane.org\/index.php\/wp-json\/wp\/v2\/tags?post=4973"}],"curies":[{"name":"wp","href":"https:\/\/api.w.org\/{rel}","templated":true}]}}