{"id":4958,"date":"2020-06-08T21:43:36","date_gmt":"2020-06-08T19:43:36","guid":{"rendered":"http:\/\/plataformakhetane.org\/?p=4958"},"modified":"2020-06-14T16:15:41","modified_gmt":"2020-06-14T14:15:41","slug":"las-organizaciones-gitanas-recomiendan-propuestas-para-que-la-futura-ley-de-igualdad-de-trato-sea-una-realidad-operativa","status":"publish","type":"post","link":"https:\/\/plataformakhetane.org\/index.php\/2020\/06\/08\/las-organizaciones-gitanas-recomiendan-propuestas-para-que-la-futura-ley-de-igualdad-de-trato-sea-una-realidad-operativa\/","title":{"rendered":"Las organizaciones gitanas recomiendan propuestas para que la futura Ley de Igualdad de Trato sea una realidad operativa"},"content":{"rendered":"\n<p>En la reuni\u00f3n mantenida hoy con la Directora General para la Igualdad de Trato y Diversidad \u00c9tnico Racial, del Ministerio de Igualdad, Rita Bosaho, junto a otras organizaciones gitanas, la Plataforma Khetane ha presentado propuestas para la futura Ley de Igualdad de Trato y la No Discriminaci\u00f3n, para que este proyecto de Ley, que lleva una espera de varias legislaturas, sea una realidad que suponga una verdadera ayuda a miles de personas que realmente necesitan de ella.<\/p>\n\n\n\n<p>Las propuestas elaboradas por las organizaciones gitanas son las siguientes:<\/p>\n\n\n\n<ol type=\"1\"><li>La ley debe tener rango de <strong>org\u00e1nica<\/strong> porque pretende garantizar derechos que son calificados como fundamentales en la Constituci\u00f3n Espa\u00f1ola. Por otra parte, optar por que sea una ley administrativa puede hacer en la pr\u00e1ctica que su aplicaci\u00f3n sea incompleta o testimonial.<\/li><li>La ley debe proponer una <strong>reforma del c\u00f3digo penal<\/strong> para que incluya en antigitanismo al mismo nivel de otras discriminaciones como el antisemitismo.<\/li><li>La ley debe establecer a las personas que reciban violencia racista el <strong>estatus de victimas<\/strong>, con los niveles de protecci\u00f3n establecidos para las mismas en otros \u00e1mbitos.<\/li><li>La ley debe establecer la creaci\u00f3n de una <strong>autoridad independiente<\/strong> en materia de igualdad de trato y no discriminaci\u00f3n \u00e9tnico racial, que trasponga por fin la Directiva Europea 2000\/43\/CE, con los recursos suficientes para que pueda emitir informes, recomendaciones y pueda personarse en litigaciones. Esta autoridad independiente deber\u00eda realizar un papel de fiscalizaci\u00f3n de la acci\u00f3n de los poderes p\u00fablicos en este \u00e1mbito de actuaci\u00f3n, al estilo como lo hace de manera gen\u00e9rica el Defensor del Pueblo.<\/li><li>La ley deber\u00eda de establecer una <strong>red p\u00fablica<\/strong> de dispositivos de lucha contra la <strong>discriminaci\u00f3n racial y \u00e9tnica<\/strong> distribuidos territorialmente y por \u00e1mbitos de actuaci\u00f3n.<\/li><li>Es necesario que la ley <strong>reconocer los grupos a los que pretende proteger<\/strong> para que no haya posibles retorcimientos en su aplicaci\u00f3n. Sin duda los grupos racializados y entre ellos el <strong>Pueblo Gitano debe estar incluido<\/strong> en la misma.<\/li><li>La ley deber\u00eda establecer <strong>pol\u00edticas de cuotas<\/strong> de colectivos afectados por la discriminaci\u00f3n \u00e9tnica y racial como forma positiva de visualizaci\u00f3n de estos en la esfera de los servicios p\u00fablicos. Por ejemplo, en los medios de comunicaci\u00f3n p\u00fablicos, los servicios p\u00fablicos de atenci\u00f3n a la ciudadan\u00eda y por supuesto en los dispositivos de atenci\u00f3n a la discriminaci\u00f3n y a las victimas.<\/li><\/ol>\n\n\n\n<p>Pr\u00f3ximamente nuestra organizaci\u00f3n elevar\u00e1 por escrito estas propuestas a la propia Direcci\u00f3n General para la Igualdad de Trato y Diversidad \u00c9tnico Racial y al conjunto del Gobierno de Espa\u00f1a e intentar\u00e1 hacer las gestiones oportunas para que se de un verdadero proceso participativo que cuente con la Sociedad Civil Gitana en el proceso previo a tramite parlamentario de esta importante ley.<\/p>\n\n\n\n<div style=\"height:56px\" aria-hidden=\"true\" class=\"wp-block-spacer\"><\/div>\n\n\n\n<div class=\"wp-container-1 wp-block-buttons\">\n<div class=\"wp-block-button\"><a class=\"wp-block-button__link has-background has-vivid-cyan-blue-background-color\" href=\"http:\/\/plataformakhetane.org\/wp-content\/uploads\/2020\/06\/2020_06_08-Propuestas-para-la-Ley-Organica-para-la-igualdad-de-Trato-y-la-No-Discriminacio\u0301n.pdf\" target=\"_blank\" rel=\"noreferrer noopener\">Documento completo con las propuestas para la futura Ley de Igualdad de Trato y la No Discriminacion<\/a><\/div>\n<\/div>\n\n\n\n<div class=\"wp-block-image\"><figure class=\"alignleft size-large\"><img loading=\"lazy\" width=\"1024\" height=\"561\" src=\"http:\/\/plataformakhetane.org\/wp-content\/uploads\/2020\/06\/Reunion-Rita-Bosaho-1024x561.jpg\" alt=\"\" class=\"wp-image-4960\" srcset=\"http:\/\/plataformakhetane.org\/wp-content\/uploads\/2020\/06\/Reunion-Rita-Bosaho-980x537.jpg 980w, http:\/\/plataformakhetane.org\/wp-content\/uploads\/2020\/06\/Reunion-Rita-Bosaho-480x263.jpg 480w\" sizes=\"(min-width: 0px) and (max-width: 480px) 480px, (min-width: 481px) and (max-width: 980px) 980px, (min-width: 981px) 1024px, 100vw\" \/><figcaption>Rafael Gim\u00e9nez de AGIFUGI en la reuni\u00f3n con Rita Bosaho<\/figcaption><\/figure><\/div>\n\n\n\n<div class=\"wp-block-image\"><figure class=\"alignleft size-large\"><img loading=\"lazy\" width=\"1024\" height=\"569\" src=\"http:\/\/plataformakhetane.org\/wp-content\/uploads\/2020\/06\/72e01e0d-8723-4394-8a74-8ddcb3c37aa8.jpg\" alt=\"\" class=\"wp-image-4981\" srcset=\"http:\/\/plataformakhetane.org\/wp-content\/uploads\/2020\/06\/72e01e0d-8723-4394-8a74-8ddcb3c37aa8.jpg 1024w, http:\/\/plataformakhetane.org\/wp-content\/uploads\/2020\/06\/72e01e0d-8723-4394-8a74-8ddcb3c37aa8-980x545.jpg 980w, http:\/\/plataformakhetane.org\/wp-content\/uploads\/2020\/06\/72e01e0d-8723-4394-8a74-8ddcb3c37aa8-480x267.jpg 480w\" sizes=\"(min-width: 0px) and (max-width: 480px) 480px, (min-width: 481px) and (max-width: 980px) 980px, (min-width: 981px) 1024px, 100vw\" \/><figcaption>Imagen de todos los asistentes a la reuni\u00f3n con Rita Bosaho<\/figcaption><\/figure><\/div>\n<span class=\"et_bloom_bottom_trigger\"><\/span>","protected":false},"excerpt":{"rendered":"<p>En la reuni\u00f3n mantenida hoy con la Directora General para la Igualdad de Trato y Diversidad \u00c9tnico Racial, del Ministerio de Igualdad, Rita Bosaho, junto a otras organizaciones gitanas, la Plataforma Khetane ha presentado propuestas para la futura Ley de Igualdad de Trato y la No Discriminaci\u00f3n, para que este proyecto de Ley, que lleva [&hellip;]<\/p>\n","protected":false},"author":1,"featured_media":4967,"comment_status":"open","ping_status":"open","sticky":false,"template":"","format":"standard","meta":{"_et_pb_use_builder":"","_et_pb_old_content":"","_et_gb_content_width":"","_mi_skip_tracking":false,"_exactmetrics_sitenote_active":false,"_exactmetrics_sitenote_note":"","_exactmetrics_sitenote_category":0},"categories":[5],"tags":[],"yoast_head":"<!-- This site is optimized with the Yoast SEO plugin v18.5.1 - https:\/\/yoast.com\/wordpress\/plugins\/seo\/ -->\n<title>Las organizaciones gitanas recomiendan propuestas para que la futura Ley de Igualdad de Trato sea una realidad operativa - Plataforma Khetane<\/title>\n<meta name=\"robots\" content=\"index, follow, max-snippet:-1, max-image-preview:large, max-video-preview:-1\" \/>\n<link rel=\"canonical\" href=\"https:\/\/plataformakhetane.org\/index.php\/2020\/06\/08\/las-organizaciones-gitanas-recomiendan-propuestas-para-que-la-futura-ley-de-igualdad-de-trato-sea-una-realidad-operativa\/\" \/>\n<meta property=\"og:locale\" content=\"es_ES\" \/>\n<meta property=\"og:type\" content=\"article\" \/>\n<meta property=\"og:title\" content=\"Las organizaciones gitanas recomiendan propuestas para que la futura Ley de Igualdad de Trato sea una realidad operativa - Plataforma Khetane\" \/>\n<meta property=\"og:description\" content=\"En la reuni\u00f3n mantenida hoy con la Directora General para la Igualdad de Trato y Diversidad \u00c9tnico Racial, del Ministerio de Igualdad, Rita Bosaho, junto a otras organizaciones gitanas, la Plataforma Khetane ha presentado propuestas para la futura Ley de Igualdad de Trato y la No Discriminaci\u00f3n, para que este proyecto de Ley, que lleva [&hellip;]\" \/>\n<meta property=\"og:url\" content=\"https:\/\/plataformakhetane.org\/index.php\/2020\/06\/08\/las-organizaciones-gitanas-recomiendan-propuestas-para-que-la-futura-ley-de-igualdad-de-trato-sea-una-realidad-operativa\/\" \/>\n<meta property=\"og:site_name\" content=\"Plataforma Khetane\" \/>\n<meta property=\"article:author\" content=\"https:\/\/www.facebook.com\/Plataforma-Khetane-1269848463031206\/\" \/>\n<meta property=\"article:published_time\" content=\"2020-06-08T19:43:36+00:00\" \/>\n<meta property=\"article:modified_time\" content=\"2020-06-14T14:15:41+00:00\" \/>\n<meta property=\"og:image\" content=\"https:\/\/plataformakhetane.org\/wp-content\/uploads\/2020\/06\/D\u00edainternacionaldiscriminacionracial.jpg\" \/>\n\t<meta property=\"og:image:width\" content=\"900\" \/>\n\t<meta property=\"og:image:height\" content=\"488\" \/>\n\t<meta property=\"og:image:type\" content=\"image\/jpeg\" \/>\n<meta name=\"twitter:card\" content=\"summary\" \/>\n<meta name=\"twitter:creator\" content=\"@PlatafKhetane\" \/>\n<meta name=\"twitter:label1\" content=\"Escrito por\" \/>\n\t<meta name=\"twitter:data1\" content=\"Plataforma Khetane\" \/>\n\t<meta name=\"twitter:label2\" content=\"Tiempo de lectura\" \/>\n\t<meta name=\"twitter:data2\" content=\"3 minutos\" \/>\n<script type=\"application\/ld+json\" class=\"yoast-schema-graph\">{\"@context\":\"https:\/\/schema.org\",\"@graph\":[{\"@type\":\"WebSite\",\"@id\":\"https:\/\/plataformakhetane.org\/#website\",\"url\":\"https:\/\/plataformakhetane.org\/\",\"name\":\"Plataforma Khetane\",\"description\":\"Movimiento Asociativo Gitano del Estado Espa\u00f1ol\",\"potentialAction\":[{\"@type\":\"SearchAction\",\"target\":{\"@type\":\"EntryPoint\",\"urlTemplate\":\"https:\/\/plataformakhetane.org\/?s={search_term_string}\"},\"query-input\":\"required name=search_term_string\"}],\"inLanguage\":\"es\"},{\"@type\":\"ImageObject\",\"@id\":\"https:\/\/plataformakhetane.org\/index.php\/2020\/06\/08\/las-organizaciones-gitanas-recomiendan-propuestas-para-que-la-futura-ley-de-igualdad-de-trato-sea-una-realidad-operativa\/#primaryimage\",\"inLanguage\":\"es\",\"url\":\"https:\/\/plataformakhetane.org\/wp-content\/uploads\/2020\/06\/D\u00edainternacionaldiscriminacionracial.jpg\",\"contentUrl\":\"https:\/\/plataformakhetane.org\/wp-content\/uploads\/2020\/06\/D\u00edainternacionaldiscriminacionracial.jpg\",\"width\":900,\"height\":488},{\"@type\":\"WebPage\",\"@id\":\"https:\/\/plataformakhetane.org\/index.php\/2020\/06\/08\/las-organizaciones-gitanas-recomiendan-propuestas-para-que-la-futura-ley-de-igualdad-de-trato-sea-una-realidad-operativa\/#webpage\",\"url\":\"https:\/\/plataformakhetane.org\/index.php\/2020\/06\/08\/las-organizaciones-gitanas-recomiendan-propuestas-para-que-la-futura-ley-de-igualdad-de-trato-sea-una-realidad-operativa\/\",\"name\":\"Las organizaciones gitanas recomiendan propuestas para que la futura Ley de Igualdad de Trato sea una realidad operativa - Plataforma Khetane\",\"isPartOf\":{\"@id\":\"https:\/\/plataformakhetane.org\/#website\"},\"primaryImageOfPage\":{\"@id\":\"https:\/\/plataformakhetane.org\/index.php\/2020\/06\/08\/las-organizaciones-gitanas-recomiendan-propuestas-para-que-la-futura-ley-de-igualdad-de-trato-sea-una-realidad-operativa\/#primaryimage\"},\"datePublished\":\"2020-06-08T19:43:36+00:00\",\"dateModified\":\"2020-06-14T14:15:41+00:00\",\"author\":{\"@id\":\"https:\/\/plataformakhetane.org\/#\/schema\/person\/5bdfe07dfdc3db09fbf99f771e0c9017\"},\"breadcrumb\":{\"@id\":\"https:\/\/plataformakhetane.org\/index.php\/2020\/06\/08\/las-organizaciones-gitanas-recomiendan-propuestas-para-que-la-futura-ley-de-igualdad-de-trato-sea-una-realidad-operativa\/#breadcrumb\"},\"inLanguage\":\"es\",\"potentialAction\":[{\"@type\":\"ReadAction\",\"target\":[\"https:\/\/plataformakhetane.org\/index.php\/2020\/06\/08\/las-organizaciones-gitanas-recomiendan-propuestas-para-que-la-futura-ley-de-igualdad-de-trato-sea-una-realidad-operativa\/\"]}]},{\"@type\":\"BreadcrumbList\",\"@id\":\"https:\/\/plataformakhetane.org\/index.php\/2020\/06\/08\/las-organizaciones-gitanas-recomiendan-propuestas-para-que-la-futura-ley-de-igualdad-de-trato-sea-una-realidad-operativa\/#breadcrumb\",\"itemListElement\":[{\"@type\":\"ListItem\",\"position\":1,\"name\":\"Portada\",\"item\":\"https:\/\/plataformakhetane.org\/\"},{\"@type\":\"ListItem\",\"position\":2,\"name\":\"Las organizaciones gitanas recomiendan propuestas para que la futura Ley de Igualdad de Trato sea una realidad operativa\"}]},{\"@type\":\"Person\",\"@id\":\"https:\/\/plataformakhetane.org\/#\/schema\/person\/5bdfe07dfdc3db09fbf99f771e0c9017\",\"name\":\"Plataforma Khetane\",\"image\":{\"@type\":\"ImageObject\",\"@id\":\"https:\/\/plataformakhetane.org\/#personlogo\",\"inLanguage\":\"es\",\"url\":\"https:\/\/secure.gravatar.com\/avatar\/f76b19d860d0d844afbb6c94250ad7e2?s=96&d=mm&r=g\",\"contentUrl\":\"https:\/\/secure.gravatar.com\/avatar\/f76b19d860d0d844afbb6c94250ad7e2?s=96&d=mm&r=g\",\"caption\":\"Plataforma Khetane\"},\"sameAs\":[\"https:\/\/www.plataformakhetane.com\",\"https:\/\/www.facebook.com\/Plataforma-Khetane-1269848463031206\/\",\"https:\/\/www.instagram.com\/plataformakhetane\/\",\"https:\/\/twitter.com\/PlatafKhetane\",\"https:\/\/www.youtube.com\/channel\/UCpCq173gSHV2_e9fwbqtTwA\"],\"url\":\"https:\/\/plataformakhetane.org\/index.php\/author\/gitano1_webkhetane\/\"}]}<\/script>\n<!-- \/ Yoast SEO plugin. -->","yoast_head_json":{"title":"Las organizaciones gitanas recomiendan propuestas para que la futura Ley de Igualdad de Trato sea una realidad operativa - Plataforma Khetane","robots":{"index":"index","follow":"follow","max-snippet":"max-snippet:-1","max-image-preview":"max-image-preview:large","max-video-preview":"max-video-preview:-1"},"canonical":"https:\/\/plataformakhetane.org\/index.php\/2020\/06\/08\/las-organizaciones-gitanas-recomiendan-propuestas-para-que-la-futura-ley-de-igualdad-de-trato-sea-una-realidad-operativa\/","og_locale":"es_ES","og_type":"article","og_title":"Las organizaciones gitanas recomiendan propuestas para que la futura Ley de Igualdad de Trato sea una realidad operativa - Plataforma Khetane","og_description":"En la reuni\u00f3n mantenida hoy con la Directora General para la Igualdad de Trato y Diversidad \u00c9tnico Racial, del Ministerio de Igualdad, Rita Bosaho, junto a otras organizaciones gitanas, la Plataforma Khetane ha presentado propuestas para la futura Ley de Igualdad de Trato y la No Discriminaci\u00f3n, para que este proyecto de Ley, que lleva [&hellip;]","og_url":"https:\/\/plataformakhetane.org\/index.php\/2020\/06\/08\/las-organizaciones-gitanas-recomiendan-propuestas-para-que-la-futura-ley-de-igualdad-de-trato-sea-una-realidad-operativa\/","og_site_name":"Plataforma Khetane","article_author":"https:\/\/www.facebook.com\/Plataforma-Khetane-1269848463031206\/","article_published_time":"2020-06-08T19:43:36+00:00","article_modified_time":"2020-06-14T14:15:41+00:00","og_image":[{"width":900,"height":488,"url":"https:\/\/plataformakhetane.org\/wp-content\/uploads\/2020\/06\/D\u00edainternacionaldiscriminacionracial.jpg","type":"image\/jpeg"}],"twitter_card":"summary","twitter_creator":"@PlatafKhetane","twitter_misc":{"Escrito por":"Plataforma Khetane","Tiempo de lectura":"3 minutos"},"schema":{"@context":"https:\/\/schema.org","@graph":[{"@type":"WebSite","@id":"https:\/\/plataformakhetane.org\/#website","url":"https:\/\/plataformakhetane.org\/","name":"Plataforma Khetane","description":"Movimiento Asociativo Gitano del Estado Espa\u00f1ol","potentialAction":[{"@type":"SearchAction","target":{"@type":"EntryPoint","urlTemplate":"https:\/\/plataformakhetane.org\/?s={search_term_string}"},"query-input":"required name=search_term_string"}],"inLanguage":"es"},{"@type":"ImageObject","@id":"https:\/\/plataformakhetane.org\/index.php\/2020\/06\/08\/las-organizaciones-gitanas-recomiendan-propuestas-para-que-la-futura-ley-de-igualdad-de-trato-sea-una-realidad-operativa\/#primaryimage","inLanguage":"es","url":"https:\/\/plataformakhetane.org\/wp-content\/uploads\/2020\/06\/D\u00edainternacionaldiscriminacionracial.jpg","contentUrl":"https:\/\/plataformakhetane.org\/wp-content\/uploads\/2020\/06\/D\u00edainternacionaldiscriminacionracial.jpg","width":900,"height":488},{"@type":"WebPage","@id":"https:\/\/plataformakhetane.org\/index.php\/2020\/06\/08\/las-organizaciones-gitanas-recomiendan-propuestas-para-que-la-futura-ley-de-igualdad-de-trato-sea-una-realidad-operativa\/#webpage","url":"https:\/\/plataformakhetane.org\/index.php\/2020\/06\/08\/las-organizaciones-gitanas-recomiendan-propuestas-para-que-la-futura-ley-de-igualdad-de-trato-sea-una-realidad-operativa\/","name":"Las organizaciones gitanas recomiendan propuestas para que la futura Ley de Igualdad de Trato sea una realidad operativa - Plataforma Khetane","isPartOf":{"@id":"https:\/\/plataformakhetane.org\/#website"},"primaryImageOfPage":{"@id":"https:\/\/plataformakhetane.org\/index.php\/2020\/06\/08\/las-organizaciones-gitanas-recomiendan-propuestas-para-que-la-futura-ley-de-igualdad-de-trato-sea-una-realidad-operativa\/#primaryimage"},"datePublished":"2020-06-08T19:43:36+00:00","dateModified":"2020-06-14T14:15:41+00:00","author":{"@id":"https:\/\/plataformakhetane.org\/#\/schema\/person\/5bdfe07dfdc3db09fbf99f771e0c9017"},"breadcrumb":{"@id":"https:\/\/plataformakhetane.org\/index.php\/2020\/06\/08\/las-organizaciones-gitanas-recomiendan-propuestas-para-que-la-futura-ley-de-igualdad-de-trato-sea-una-realidad-operativa\/#breadcrumb"},"inLanguage":"es","potentialAction":[{"@type":"ReadAction","target":["https:\/\/plataformakhetane.org\/index.php\/2020\/06\/08\/las-organizaciones-gitanas-recomiendan-propuestas-para-que-la-futura-ley-de-igualdad-de-trato-sea-una-realidad-operativa\/"]}]},{"@type":"BreadcrumbList","@id":"https:\/\/plataformakhetane.org\/index.php\/2020\/06\/08\/las-organizaciones-gitanas-recomiendan-propuestas-para-que-la-futura-ley-de-igualdad-de-trato-sea-una-realidad-operativa\/#breadcrumb","itemListElement":[{"@type":"ListItem","position":1,"name":"Portada","item":"https:\/\/plataformakhetane.org\/"},{"@type":"ListItem","position":2,"name":"Las organizaciones gitanas recomiendan propuestas para que la futura Ley de Igualdad de Trato sea una realidad operativa"}]},{"@type":"Person","@id":"https:\/\/plataformakhetane.org\/#\/schema\/person\/5bdfe07dfdc3db09fbf99f771e0c9017","name":"Plataforma Khetane","image":{"@type":"ImageObject","@id":"https:\/\/plataformakhetane.org\/#personlogo","inLanguage":"es","url":"https:\/\/secure.gravatar.com\/avatar\/f76b19d860d0d844afbb6c94250ad7e2?s=96&d=mm&r=g","contentUrl":"https:\/\/secure.gravatar.com\/avatar\/f76b19d860d0d844afbb6c94250ad7e2?s=96&d=mm&r=g","caption":"Plataforma Khetane"},"sameAs":["https:\/\/www.plataformakhetane.com","https:\/\/www.facebook.com\/Plataforma-Khetane-1269848463031206\/","https:\/\/www.instagram.com\/plataformakhetane\/","https:\/\/twitter.com\/PlatafKhetane","https:\/\/www.youtube.com\/channel\/UCpCq173gSHV2_e9fwbqtTwA"],"url":"https:\/\/plataformakhetane.org\/index.php\/author\/gitano1_webkhetane\/"}]}},"_links":{"self":[{"href":"https:\/\/plataformakhetane.org\/index.php\/wp-json\/wp\/v2\/posts\/4958"}],"collection":[{"href":"https:\/\/plataformakhetane.org\/index.php\/wp-json\/wp\/v2\/posts"}],"about":[{"href":"https:\/\/plataformakhetane.org\/index.php\/wp-json\/wp\/v2\/types\/post"}],"author":[{"embeddable":true,"href":"https:\/\/plataformakhetane.org\/index.php\/wp-json\/wp\/v2\/users\/1"}],"replies":[{"embeddable":true,"href":"https:\/\/plataformakhetane.org\/index.php\/wp-json\/wp\/v2\/comments?post=4958"}],"version-history":[{"count":6,"href":"https:\/\/plataformakhetane.org\/index.php\/wp-json\/wp\/v2\/posts\/4958\/revisions"}],"predecessor-version":[{"id":4983,"href":"https:\/\/plataformakhetane.org\/index.php\/wp-json\/wp\/v2\/posts\/4958\/revisions\/4983"}],"wp:featuredmedia":[{"embeddable":true,"href":"https:\/\/plataformakhetane.org\/index.php\/wp-json\/wp\/v2\/media\/4967"}],"wp:attachment":[{"href":"https:\/\/plataformakhetane.org\/index.php\/wp-json\/wp\/v2\/media?parent=4958"}],"wp:term":[{"taxonomy":"category","embeddable":true,"href":"https:\/\/plataformakhetane.org\/index.php\/wp-json\/wp\/v2\/categories?post=4958"},{"taxonomy":"post_tag","embeddable":true,"href":"https:\/\/plataformakhetane.org\/index.php\/wp-json\/wp\/v2\/tags?post=4958"}],"curies":[{"name":"wp","href":"https:\/\/api.w.org\/{rel}","templated":true}]}}