{"id":4872,"date":"2020-05-20T19:56:43","date_gmt":"2020-05-20T17:56:43","guid":{"rendered":"http:\/\/plataformakhetane.org\/?p=4872"},"modified":"2020-05-21T10:31:35","modified_gmt":"2020-05-21T08:31:35","slug":"el-antigitanismo-en-la-espana-del-coronavirus-cronica-de-la-bbc","status":"publish","type":"post","link":"https:\/\/plataformakhetane.org\/index.php\/2020\/05\/20\/el-antigitanismo-en-la-espana-del-coronavirus-cronica-de-la-bbc\/","title":{"rendered":"El antigitanismo en la Espa\u00f1a del coronavirus, cr\u00f3nica de la BBC"},"content":{"rendered":"\n<h3>La cadena brit\u00e1nica, a traves de su canal  \u00abRadio 4\u00bb emite una cr\u00f3nica sobre el impacto del racismo en Espa\u00f1a, que incluye declaraciones de representantes de Khetane<\/h3>\n\n\n\n<div class=\"wp-block-image\"><figure class=\"alignleft size-large is-resized\"><img loading=\"lazy\" src=\"http:\/\/plataformakhetane.org\/wp-content\/uploads\/2020\/05\/BBC-sounds-1.png\" alt=\"\" class=\"wp-image-4897\" width=\"567\" height=\"416\" srcset=\"http:\/\/plataformakhetane.org\/wp-content\/uploads\/2020\/05\/BBC-sounds-1.png 567w, http:\/\/plataformakhetane.org\/wp-content\/uploads\/2020\/05\/BBC-sounds-1-480x352.png 480w\" sizes=\"(min-width: 0px) and (max-width: 480px) 480px, (min-width: 481px) 567px, 100vw\" \/><figcaption>Web de BBC Sounds &#8211; Radio 4<\/figcaption><\/figure><\/div>\n\n\n\n<div style=\"height:20px\" aria-hidden=\"true\" class=\"wp-block-spacer\"><\/div>\n\n\n\n<p>Reproducimos a continuaci\u00f3n la cr\u00f3nica elaborada por el corresponsal de la BBC en Espa\u00f1a, Guy Hedgecoe, transcrita en lengua inglesa y m\u00e1s abajo con su traducci\u00f3n al castellano.<\/p>\n\n\n\n<h3>From Our Own Correspondent<\/h3>\n\n\n\n<p><strong>Spain has been one of the countries in Europe which has been hardest hit by coronavirus. It has also had one of the toughest lockdowns in the world as it has tried to keep the virus under control. As the daily deaths and infections start to ease, the country is now starting to lift many of the restrictions which have been in place since mid-March. However, this crisis has had unwelcome consequences for the country\u2019s Roma community, who are estimated to number between three quarters of a million and 1.5 million.&nbsp;Guy Hedgecoe reports.&nbsp;<\/strong><\/p>\n\n\n\n<p>In late March, not long after Spain\u2019s coronavirus lockdown had begun, a Roma family in the town of Karrantza in the northern Basque region complained to police that they were being threatened by some of their neighbours. Then an audio recording started to circulate among locals, from phone to phone, of somebody calling for protests against the Gypsy community and even calling for them to be attacked.&nbsp;<\/p>\n\n\n\n<p>&nbsp;It\u2019s not clear who was behind the audio and threats, but they were apparently driven&nbsp;by the notion that Roma Gypsies were responsible for the spread of coronavirus in the area.&nbsp;<\/p>\n\n\n\n<p>It\u2019s not an isolated case. Since Covid-19 took hold in Spain, the Roma community has repeatedly been blamed for its spread.<\/p>\n\n\n\n<p>In the town of Santo\u00f1a, in the northern region of Cantabria, the Socialist mayor, Sergio Abascal, told local media that five out of the six locals who at that time had died from Covid-19 had been Roma. He added that members of the Gypsy community had probably brought the virus back to the town after attending a funeral or party of some kind. Coronavirus, he said, was particularly prevalent among the Roma.&nbsp;<\/p>\n\n\n\n<p>His comments triggered outrage in some quarters. But Mr Abascal shrugged off the criticism: \u201cI talked about Gypsies the way I might have been talking about fishermen,\u201d was how he put it.&nbsp;<\/p>\n\n\n\n<p>Santo\u00f1a has been more affected than most parts of Cantabria. Unusually, 21 families there, most of them of Roma origin, were put in quarantine by the local authorities,&nbsp;due to their supposed links to the deceased. Nonetheless, the&nbsp;prevalence of the virus within the Roma community there remains anecdotal.<\/p>\n\n\n\n<p>But the idea that Gypsies are to blame has taken on a more sinister dimension on social media. One post on twitter claimed to offer support to the mayor of Santo\u00f1a, with a photograph of some canisters of poison gas. &nbsp;<\/p>\n\n\n\n<p>\u201cIf we took every single one of these conspiracy theories to the courts then the justice system would collapse,\u201d was how I\u00f1aki Vazquez, the director of Khetane, a Roma rights organisation, put it to me. He says instances of racism against his community have suddenly soared in recent weeks.<\/p>\n\n\n\n<p>The positive side of Spain\u2019s efforts to control coronavirus has been well documented: the extraordinary efforts of healthcare workers and the emotional support they receive from grateful Spaniards, who, from self-confinement, come out onto their balconies every evening to applaud and cheer. And there\u2019s also the creativity and humour which has made one of the world\u2019s strictest lockdowns rather more bearable. &nbsp;<\/p>\n\n\n\n<p>But there has also been an uglier side to the coronavirus experience here. There are the people who shout abuse from their balconies at those who they believe, correctly or not, are flouting the lockdown. The political arena, meanwhile, has been even more poisonous than usual, with the government and opposition almost permanently at odds over how to tackle this crisis.&nbsp;<\/p>\n\n\n\n<p>And some have been desperately seeking scapegoats. As coronavirus began to spread in Spain, there were cases of Asians being verbally abused due to the perception that they were to blame for the pandemic \u2013 a phenomenon which has been seen in other countries as well. The stigmatising of Spain\u2019s Gypsies, without any hard evidence that the virus is more prevalent among them, has been yet another sub-plot to this crisis.&nbsp;<\/p>\n\n\n\n<p>\u201cIt\u2019s as if the Gypsy community is to blame until we can prove the opposite,\u201d says Ricardo Hernandez, the head of a Roma association in the north of the country. He points out that many extended Gypsy families live together in relatively small flats, because they tend to be poorer than the average Spanish family. But, he insists, the Roma have respected the lockdown as much as anyone. &nbsp;<\/p>\n\n\n\n<p>The worry among Gypsy leaders is that this healthcare emergency will further marginalise their community. Having arrived in the Iberian peninsula in the Middle Ages after migrating west from southeast Asia, the Roma are no strangers to living outside mainstream society or to discrimination. Even today, Gypsies have a limited presence in institutions and only a handful have ever become members of the Spanish parliament.&nbsp;<\/p>\n\n\n\n<p>They are also likely to be among the hardest hard hit by the economic impact of coronavirus. Many of Spain\u2019s Roma work as vendors, selling food and other goods in outdoor markets. For the last two months such businesses have been shut down and the country\u2019s lockdown is not expected to be fully lifted until at least the end of June.&nbsp;<\/p>\n\n\n\n<p>As he appraises the situation for the Gypsy community, I\u00f1aki Vazquez cannot hide his mixed feelings. \u201cThis crisis is bringing out the best in our society,\u201d he says. \u201cIt\u2019s also bringing out the worst.\u201d<\/p>\n\n\n\n<figure class=\"wp-block-audio alignleft\"><audio controls src=\"http:\/\/plataformakhetane.org\/wp-content\/uploads\/2020\/05\/From-Our-Own-Correspondent-France-emerges-from-lockdown-BBC-Sounds-online-audio-converter.com_.mp3\"><\/audio><figcaption>Audio de la parte de la cr\u00f3nica que habla de el antigitanismo en Espa\u00f1a.<\/figcaption><\/figure>\n\n\n\n<div style=\"height:38px\" aria-hidden=\"true\" class=\"wp-block-spacer\"><\/div>\n\n\n\n<h3>De nuestro propio corresponsal<\/h3>\n\n\n\n<p><strong>Espa\u00f1a ha sido uno de los pa\u00edses de Europa m\u00e1s afectados por el coronavirus. Tambi\u00e9n ha tenido uno de los bloqueos m\u00e1s duros del mundo, ya que ha tratado de mantener el virus bajo control. A medida que las muertes e infecciones diarias comienzan a disminuir, el pa\u00eds est\u00e1 comenzando a levantar muchas de las restricciones vigentes desde mediados de marzo. Sin embargo, esta crisis ha tenido consecuencias no deseadas para la comunidad gitana del pa\u00eds, que se estima que suman entre tres cuartos de mill\u00f3n y 1,5 millones. Guy Hedgecoe informa.<\/strong><\/p>\n\n\n\n<p>A fines de marzo, poco despu\u00e9s de que comenzara el bloqueo de coronavirus de Espa\u00f1a, una familia gitana en la ciudad de Karrantza, en el norte de la regi\u00f3n vasca, se quej\u00f3 a la polic\u00eda de que algunos de sus vecinos los estaban amenazando. Luego, una grabaci\u00f3n de audio comenz\u00f3 a circular entre los lugare\u00f1os, de tel\u00e9fono en tel\u00e9fono, de alguien que llamaba a protestas contra la comunidad gitana e incluso llamaba a que fueran atacados.<\/p>\n\n\n\n<p>No est\u00e1 claro qui\u00e9n estaba detr\u00e1s del audio y las amenazas, pero aparentemente estaban motivados por la idea de que los roman\u00edes eran responsables de la propagaci\u00f3n del coronavirus en el \u00e1rea.<\/p>\n\n\n\n<p>No es un caso aislado. Desde que COVID-19 se apoder\u00f3 de Espa\u00f1a, se ha culpado repetidamente a la comunidad Rromani por su propagaci\u00f3n.<\/p>\n\n\n\n<p>En la ciudad de Santo\u00f1a, en la regi\u00f3n norte de Cantabria, el alcalde socialista, Sergio Abascal, dijo a los medios locales que cinco de los seis locales que en ese momento hab\u00edan muerto de COVID-19 hab\u00edan sido gitanos. Agreg\u00f3 que los miembros de la comunidad gitana probablemente hab\u00edan tra\u00eddo el virus a la ciudad despu\u00e9s de asistir a un funeral o fiesta de alg\u00fan tipo. El coronavirus, dijo, era particularmente frecuente entre los Rromanies.<\/p>\n\n\n\n<p>Sus comentarios provocaron indignaci\u00f3n en algunos sectores. Pero Abascal hizo caso omiso de las cr\u00edticas: \u00abHabl\u00e9 de los gitanos de la forma en que podr\u00eda haber estado hablando de los pescadores\u00bb, as\u00ed lo expres\u00f3.<\/p>\n\n\n\n<p>Santo\u00f1a ha sido m\u00e1s afectada que la mayor\u00eda de las partes de Cantabria. Inusualmente, 21 familias all\u00ed, la mayor\u00eda de ellas de origen Rromani, fueron puestas en cuarentena por las autoridades locales, debido a sus supuestos v\u00ednculos con los fallecidos. No obstante, la prevalencia del virus dentro de la comunidad gitana sigue siendo anecd\u00f3tica<\/p>\n\n\n\n<p>Pero la idea de que los gitanos tienen la culpa ha adquirido una dimensi\u00f3n m\u00e1s siniestra en las redes sociales. Una publicaci\u00f3n en Twitter afirmaba ofrecer apoyo al alcalde de Santo\u00f1a, con una fotograf\u00eda de algunos botes de gas venenoso.<\/p>\n\n\n\n<p>\u00abSi llevamos cada una de estas teor\u00edas de conspiraci\u00f3n a los tribunales, entonces el sistema de justicia colapsar\u00eda\u00bb, fue como me lo expres\u00f3 I\u00f1aki V\u00e1zquez, director de Khetane, una organizaci\u00f3n de derechos del Pueblo Gitano. \u00c9l dice que los casos de racismo contra su comunidad se han disparado repentinamente en las \u00faltimas semanas.<\/p>\n\n\n\n<p>El lado positivo de los esfuerzos de Espa\u00f1a para controlar el coronavirus ha sido bien documentado: los esfuerzos extraordinarios de los trabajadores de la salud y el apoyo emocional que reciben de los espa\u00f1oles agradecidos, quienes, desde el confinamiento, salen a sus balcones todas las tardes para aplaudir y animar. Y tambi\u00e9n est\u00e1 la creatividad y el humor que ha hecho que uno de los bloqueos m\u00e1s estrictos del mundo sea m\u00e1s llevadero.<\/p>\n\n\n\n<p>Pero tambi\u00e9n ha habido un lado m\u00e1s feo en la experiencia del coronavirus aqu\u00ed. Hay personas que gritan abusos desde sus balcones a quienes creen, correctamente o no, que est\u00e1n burlando el cierre. La arena pol\u00edtica, mientras tanto, ha sido a\u00fan m\u00e1s venenosa de lo habitual, con el gobierno y la oposici\u00f3n casi permanentemente en desacuerdo sobre c\u00f3mo abordar esta crisis.<\/p>\n\n\n\n<p>Y algunos han estado buscando desesperadamente chivos expiatorios. A medida que el coronavirus comenz\u00f3 a extenderse en Espa\u00f1a, hubo casos de abusos verbales de asi\u00e1ticos debido a la percepci\u00f3n de que ten\u00edan la culpa de la pandemia, un fen\u00f3meno que tambi\u00e9n se ha visto en otros pa\u00edses. La estigmatizaci\u00f3n de los gitanos espa\u00f1oles, sin ninguna prueba contundente de que el virus es m\u00e1s frecuente entre ellos, ha sido otra subtrama de esta crisis.<\/p>\n\n\n\n<p>\u00abEs como si la comunidad gitana tuviera la culpa hasta que podamos demostrar lo contrario\u00bb, dice Ricardo Hern\u00e1ndez, portavoz de una asociaci\u00f3n gitana en el norte del pa\u00eds. Se\u00f1ala que muchas familias extendidas gitanas viven juntas en pisos relativamente peque\u00f1os, porque tienden a ser m\u00e1s pobres que la familia espa\u00f1ola promedio. Pero, insiste, los gitanos han respetado el bloqueo tanto como nadie.<\/p>\n\n\n\n<p>La preocupaci\u00f3n entre los l\u00edderes gitanos es que esta emergencia de atenci\u00f3n m\u00e9dica marginar\u00e1 a\u00fan m\u00e1s a su comunidad. Al llegar a la pen\u00ednsula ib\u00e9rica en la Edad Media despu\u00e9s de emigrar al oeste desde el sudeste asi\u00e1tico, los gitanos no son ajenos a vivir marginados de la sociedad dominante ni a la discriminaci\u00f3n. Incluso hoy, los gitanos tienen una presencia limitada en las instituciones y solo unos pocos se han convertido en miembros del parlamento espa\u00f1ol.<\/p>\n\n\n\n<p>Tambi\u00e9n es probable que se encuentren entre los m\u00e1s afectados por el impacto econ\u00f3mico del coronavirus. Muchos de los gitanos de Espa\u00f1a trabajan como comerciantes, vendiendo alimentos y otros bienes en mercados al aire libre. Durante los \u00faltimos dos meses, tales negocios se han cerrado y no se espera que el cierre del pa\u00eds se levante por completo hasta al menos finales de junio.<\/p>\n\n\n\n<p>Mientras eval\u00faa la situaci\u00f3n para la comunidad gitana, I\u00f1aki V\u00e1zquez no puede ocultar sus sentimientos encontrados. \u00abEsta crisis est\u00e1 sacando lo mejor de nuestra sociedad\u00bb, dice. \u00abTambi\u00e9n est\u00e1 sacando lo peor\u00bb.<\/p>\n\n\n\n<p>Periodista: <a href=\"https:\/\/www.facebook.com\/profile.php?id=100015716641620\" target=\"_blank\" rel=\"noreferrer noopener\">Guy Hedgecoe<\/a><br>Fuente: <a rel=\"noreferrer noopener\" href=\"https:\/\/www.bbc.co.uk\/sounds\/play\/m000j7gf\" target=\"_blank\">BBC Radio 4<\/a><\/p>\n\n\n\n<div style=\"height:51px\" aria-hidden=\"true\" class=\"wp-block-spacer\"><\/div>\n\n\n[et_pb_code raw_content_tablet=\u00bb\u00bb raw_content_phone=\u00bb\u00bb raw_content_last_edited=\u00bbon|desktop\u00bb _builder_version=\u00bb4.0.5&#8243; transform_translate=\u00bb-28px|0px\u00bb text_orientation=\u00bbcenter\u00bb min_height=\u00bb588px\u00bb custom_padding=\u00bb||0px|||\u00bb hover_enabled=\u00bb0&#8243; disabled_on=\u00bbon|on|off\u00bb locked=\u00bboff\u00bb]<iframe loading=\"lazy\" src=\"https:\/\/www.bbc.co.uk\/sounds\/play\/m000j7gf\" marginwidth=\"0\" marginheight=\"0\" width=\"640\" height=\"600\" frameborder=\"0\">Cargando&#8230;<\/iframe>[\/et_pb_code]\n<span class=\"et_bloom_bottom_trigger\"><\/span>","protected":false},"excerpt":{"rendered":"<p>La cadena brit\u00e1nica, a traves de su canal \u00abRadio 4\u00bb emite una cr\u00f3nica sobre el impacto del racismo en Espa\u00f1a, que incluye declaraciones de representantes de Khetane Reproducimos a continuaci\u00f3n la cr\u00f3nica elaborada por el corresponsal de la BBC en Espa\u00f1a, Guy Hedgecoe, transcrita en lengua inglesa y m\u00e1s abajo con su traducci\u00f3n al castellano. [&hellip;]<\/p>\n","protected":false},"author":1,"featured_media":4874,"comment_status":"open","ping_status":"open","sticky":false,"template":"","format":"standard","meta":{"_et_pb_use_builder":"","_et_pb_old_content":"","_et_gb_content_width":"","_mi_skip_tracking":false,"_exactmetrics_sitenote_active":false,"_exactmetrics_sitenote_note":"","_exactmetrics_sitenote_category":0},"categories":[136,5],"tags":[],"yoast_head":"<!-- This site is optimized with the Yoast SEO plugin v18.5.1 - https:\/\/yoast.com\/wordpress\/plugins\/seo\/ -->\n<title>El antigitanismo en la Espa\u00f1a del coronavirus, cr\u00f3nica de la BBC - Plataforma Khetane<\/title>\n<meta name=\"robots\" content=\"index, follow, max-snippet:-1, max-image-preview:large, max-video-preview:-1\" \/>\n<link rel=\"canonical\" href=\"https:\/\/plataformakhetane.org\/index.php\/2020\/05\/20\/el-antigitanismo-en-la-espana-del-coronavirus-cronica-de-la-bbc\/\" \/>\n<meta property=\"og:locale\" content=\"es_ES\" \/>\n<meta property=\"og:type\" content=\"article\" \/>\n<meta property=\"og:title\" content=\"El antigitanismo en la Espa\u00f1a del coronavirus, cr\u00f3nica de la BBC - Plataforma Khetane\" \/>\n<meta property=\"og:description\" content=\"La cadena brit\u00e1nica, a traves de su canal \u00abRadio 4\u00bb emite una cr\u00f3nica sobre el impacto del racismo en Espa\u00f1a, que incluye declaraciones de representantes de Khetane Reproducimos a continuaci\u00f3n la cr\u00f3nica elaborada por el corresponsal de la BBC en Espa\u00f1a, Guy Hedgecoe, transcrita en lengua inglesa y m\u00e1s abajo con su traducci\u00f3n al castellano. [&hellip;]\" \/>\n<meta property=\"og:url\" content=\"https:\/\/plataformakhetane.org\/index.php\/2020\/05\/20\/el-antigitanismo-en-la-espana-del-coronavirus-cronica-de-la-bbc\/\" \/>\n<meta property=\"og:site_name\" content=\"Plataforma Khetane\" \/>\n<meta property=\"article:author\" content=\"https:\/\/www.facebook.com\/Plataforma-Khetane-1269848463031206\/\" \/>\n<meta property=\"article:published_time\" content=\"2020-05-20T17:56:43+00:00\" \/>\n<meta property=\"article:modified_time\" content=\"2020-05-21T08:31:35+00:00\" \/>\n<meta property=\"og:image\" content=\"https:\/\/plataformakhetane.org\/wp-content\/uploads\/2020\/05\/yks2owmi2pN3mk_Clj5BsHH_0KnJIXExJhmnxeHN-lkL_m4z5F1LtSMNFXy3Ozjc7K7dTOZWJJrJ_RB5j06GbjqKJcYIdI9NCIsnB36egLTRcCA_g0b1TWUokA.jpg\" \/>\n\t<meta property=\"og:image:width\" content=\"512\" \/>\n\t<meta property=\"og:image:height\" content=\"402\" \/>\n\t<meta property=\"og:image:type\" content=\"image\/jpeg\" \/>\n<meta name=\"twitter:card\" content=\"summary\" \/>\n<meta name=\"twitter:creator\" content=\"@PlatafKhetane\" \/>\n<meta name=\"twitter:label1\" content=\"Escrito por\" \/>\n\t<meta name=\"twitter:data1\" content=\"Plataforma Khetane\" \/>\n\t<meta name=\"twitter:label2\" content=\"Tiempo de lectura\" \/>\n\t<meta name=\"twitter:data2\" content=\"10 minutos\" \/>\n<script type=\"application\/ld+json\" class=\"yoast-schema-graph\">{\"@context\":\"https:\/\/schema.org\",\"@graph\":[{\"@type\":\"WebSite\",\"@id\":\"https:\/\/plataformakhetane.org\/#website\",\"url\":\"https:\/\/plataformakhetane.org\/\",\"name\":\"Plataforma Khetane\",\"description\":\"Movimiento Asociativo Gitano del Estado Espa\u00f1ol\",\"potentialAction\":[{\"@type\":\"SearchAction\",\"target\":{\"@type\":\"EntryPoint\",\"urlTemplate\":\"https:\/\/plataformakhetane.org\/?s={search_term_string}\"},\"query-input\":\"required name=search_term_string\"}],\"inLanguage\":\"es\"},{\"@type\":\"ImageObject\",\"@id\":\"https:\/\/plataformakhetane.org\/index.php\/2020\/05\/20\/el-antigitanismo-en-la-espana-del-coronavirus-cronica-de-la-bbc\/#primaryimage\",\"inLanguage\":\"es\",\"url\":\"https:\/\/plataformakhetane.org\/wp-content\/uploads\/2020\/05\/yks2owmi2pN3mk_Clj5BsHH_0KnJIXExJhmnxeHN-lkL_m4z5F1LtSMNFXy3Ozjc7K7dTOZWJJrJ_RB5j06GbjqKJcYIdI9NCIsnB36egLTRcCA_g0b1TWUokA.jpg\",\"contentUrl\":\"https:\/\/plataformakhetane.org\/wp-content\/uploads\/2020\/05\/yks2owmi2pN3mk_Clj5BsHH_0KnJIXExJhmnxeHN-lkL_m4z5F1LtSMNFXy3Ozjc7K7dTOZWJJrJ_RB5j06GbjqKJcYIdI9NCIsnB36egLTRcCA_g0b1TWUokA.jpg\",\"width\":512,\"height\":402},{\"@type\":\"WebPage\",\"@id\":\"https:\/\/plataformakhetane.org\/index.php\/2020\/05\/20\/el-antigitanismo-en-la-espana-del-coronavirus-cronica-de-la-bbc\/#webpage\",\"url\":\"https:\/\/plataformakhetane.org\/index.php\/2020\/05\/20\/el-antigitanismo-en-la-espana-del-coronavirus-cronica-de-la-bbc\/\",\"name\":\"El antigitanismo en la Espa\u00f1a del coronavirus, cr\u00f3nica de la BBC - Plataforma Khetane\",\"isPartOf\":{\"@id\":\"https:\/\/plataformakhetane.org\/#website\"},\"primaryImageOfPage\":{\"@id\":\"https:\/\/plataformakhetane.org\/index.php\/2020\/05\/20\/el-antigitanismo-en-la-espana-del-coronavirus-cronica-de-la-bbc\/#primaryimage\"},\"datePublished\":\"2020-05-20T17:56:43+00:00\",\"dateModified\":\"2020-05-21T08:31:35+00:00\",\"author\":{\"@id\":\"https:\/\/plataformakhetane.org\/#\/schema\/person\/5bdfe07dfdc3db09fbf99f771e0c9017\"},\"breadcrumb\":{\"@id\":\"https:\/\/plataformakhetane.org\/index.php\/2020\/05\/20\/el-antigitanismo-en-la-espana-del-coronavirus-cronica-de-la-bbc\/#breadcrumb\"},\"inLanguage\":\"es\",\"potentialAction\":[{\"@type\":\"ReadAction\",\"target\":[\"https:\/\/plataformakhetane.org\/index.php\/2020\/05\/20\/el-antigitanismo-en-la-espana-del-coronavirus-cronica-de-la-bbc\/\"]}]},{\"@type\":\"BreadcrumbList\",\"@id\":\"https:\/\/plataformakhetane.org\/index.php\/2020\/05\/20\/el-antigitanismo-en-la-espana-del-coronavirus-cronica-de-la-bbc\/#breadcrumb\",\"itemListElement\":[{\"@type\":\"ListItem\",\"position\":1,\"name\":\"Portada\",\"item\":\"https:\/\/plataformakhetane.org\/\"},{\"@type\":\"ListItem\",\"position\":2,\"name\":\"El antigitanismo en la Espa\u00f1a del coronavirus, cr\u00f3nica de la BBC\"}]},{\"@type\":\"Person\",\"@id\":\"https:\/\/plataformakhetane.org\/#\/schema\/person\/5bdfe07dfdc3db09fbf99f771e0c9017\",\"name\":\"Plataforma Khetane\",\"image\":{\"@type\":\"ImageObject\",\"@id\":\"https:\/\/plataformakhetane.org\/#personlogo\",\"inLanguage\":\"es\",\"url\":\"https:\/\/secure.gravatar.com\/avatar\/f76b19d860d0d844afbb6c94250ad7e2?s=96&d=mm&r=g\",\"contentUrl\":\"https:\/\/secure.gravatar.com\/avatar\/f76b19d860d0d844afbb6c94250ad7e2?s=96&d=mm&r=g\",\"caption\":\"Plataforma Khetane\"},\"sameAs\":[\"https:\/\/www.plataformakhetane.com\",\"https:\/\/www.facebook.com\/Plataforma-Khetane-1269848463031206\/\",\"https:\/\/www.instagram.com\/plataformakhetane\/\",\"https:\/\/twitter.com\/PlatafKhetane\",\"https:\/\/www.youtube.com\/channel\/UCpCq173gSHV2_e9fwbqtTwA\"],\"url\":\"https:\/\/plataformakhetane.org\/index.php\/author\/gitano1_webkhetane\/\"}]}<\/script>\n<!-- \/ Yoast SEO plugin. -->","yoast_head_json":{"title":"El antigitanismo en la Espa\u00f1a del coronavirus, cr\u00f3nica de la BBC - Plataforma Khetane","robots":{"index":"index","follow":"follow","max-snippet":"max-snippet:-1","max-image-preview":"max-image-preview:large","max-video-preview":"max-video-preview:-1"},"canonical":"https:\/\/plataformakhetane.org\/index.php\/2020\/05\/20\/el-antigitanismo-en-la-espana-del-coronavirus-cronica-de-la-bbc\/","og_locale":"es_ES","og_type":"article","og_title":"El antigitanismo en la Espa\u00f1a del coronavirus, cr\u00f3nica de la BBC - Plataforma Khetane","og_description":"La cadena brit\u00e1nica, a traves de su canal \u00abRadio 4\u00bb emite una cr\u00f3nica sobre el impacto del racismo en Espa\u00f1a, que incluye declaraciones de representantes de Khetane Reproducimos a continuaci\u00f3n la cr\u00f3nica elaborada por el corresponsal de la BBC en Espa\u00f1a, Guy Hedgecoe, transcrita en lengua inglesa y m\u00e1s abajo con su traducci\u00f3n al castellano. [&hellip;]","og_url":"https:\/\/plataformakhetane.org\/index.php\/2020\/05\/20\/el-antigitanismo-en-la-espana-del-coronavirus-cronica-de-la-bbc\/","og_site_name":"Plataforma Khetane","article_author":"https:\/\/www.facebook.com\/Plataforma-Khetane-1269848463031206\/","article_published_time":"2020-05-20T17:56:43+00:00","article_modified_time":"2020-05-21T08:31:35+00:00","og_image":[{"width":512,"height":402,"url":"https:\/\/plataformakhetane.org\/wp-content\/uploads\/2020\/05\/yks2owmi2pN3mk_Clj5BsHH_0KnJIXExJhmnxeHN-lkL_m4z5F1LtSMNFXy3Ozjc7K7dTOZWJJrJ_RB5j06GbjqKJcYIdI9NCIsnB36egLTRcCA_g0b1TWUokA.jpg","type":"image\/jpeg"}],"twitter_card":"summary","twitter_creator":"@PlatafKhetane","twitter_misc":{"Escrito por":"Plataforma Khetane","Tiempo de lectura":"10 minutos"},"schema":{"@context":"https:\/\/schema.org","@graph":[{"@type":"WebSite","@id":"https:\/\/plataformakhetane.org\/#website","url":"https:\/\/plataformakhetane.org\/","name":"Plataforma Khetane","description":"Movimiento Asociativo Gitano del Estado Espa\u00f1ol","potentialAction":[{"@type":"SearchAction","target":{"@type":"EntryPoint","urlTemplate":"https:\/\/plataformakhetane.org\/?s={search_term_string}"},"query-input":"required name=search_term_string"}],"inLanguage":"es"},{"@type":"ImageObject","@id":"https:\/\/plataformakhetane.org\/index.php\/2020\/05\/20\/el-antigitanismo-en-la-espana-del-coronavirus-cronica-de-la-bbc\/#primaryimage","inLanguage":"es","url":"https:\/\/plataformakhetane.org\/wp-content\/uploads\/2020\/05\/yks2owmi2pN3mk_Clj5BsHH_0KnJIXExJhmnxeHN-lkL_m4z5F1LtSMNFXy3Ozjc7K7dTOZWJJrJ_RB5j06GbjqKJcYIdI9NCIsnB36egLTRcCA_g0b1TWUokA.jpg","contentUrl":"https:\/\/plataformakhetane.org\/wp-content\/uploads\/2020\/05\/yks2owmi2pN3mk_Clj5BsHH_0KnJIXExJhmnxeHN-lkL_m4z5F1LtSMNFXy3Ozjc7K7dTOZWJJrJ_RB5j06GbjqKJcYIdI9NCIsnB36egLTRcCA_g0b1TWUokA.jpg","width":512,"height":402},{"@type":"WebPage","@id":"https:\/\/plataformakhetane.org\/index.php\/2020\/05\/20\/el-antigitanismo-en-la-espana-del-coronavirus-cronica-de-la-bbc\/#webpage","url":"https:\/\/plataformakhetane.org\/index.php\/2020\/05\/20\/el-antigitanismo-en-la-espana-del-coronavirus-cronica-de-la-bbc\/","name":"El antigitanismo en la Espa\u00f1a del coronavirus, cr\u00f3nica de la BBC - Plataforma Khetane","isPartOf":{"@id":"https:\/\/plataformakhetane.org\/#website"},"primaryImageOfPage":{"@id":"https:\/\/plataformakhetane.org\/index.php\/2020\/05\/20\/el-antigitanismo-en-la-espana-del-coronavirus-cronica-de-la-bbc\/#primaryimage"},"datePublished":"2020-05-20T17:56:43+00:00","dateModified":"2020-05-21T08:31:35+00:00","author":{"@id":"https:\/\/plataformakhetane.org\/#\/schema\/person\/5bdfe07dfdc3db09fbf99f771e0c9017"},"breadcrumb":{"@id":"https:\/\/plataformakhetane.org\/index.php\/2020\/05\/20\/el-antigitanismo-en-la-espana-del-coronavirus-cronica-de-la-bbc\/#breadcrumb"},"inLanguage":"es","potentialAction":[{"@type":"ReadAction","target":["https:\/\/plataformakhetane.org\/index.php\/2020\/05\/20\/el-antigitanismo-en-la-espana-del-coronavirus-cronica-de-la-bbc\/"]}]},{"@type":"BreadcrumbList","@id":"https:\/\/plataformakhetane.org\/index.php\/2020\/05\/20\/el-antigitanismo-en-la-espana-del-coronavirus-cronica-de-la-bbc\/#breadcrumb","itemListElement":[{"@type":"ListItem","position":1,"name":"Portada","item":"https:\/\/plataformakhetane.org\/"},{"@type":"ListItem","position":2,"name":"El antigitanismo en la Espa\u00f1a del coronavirus, cr\u00f3nica de la BBC"}]},{"@type":"Person","@id":"https:\/\/plataformakhetane.org\/#\/schema\/person\/5bdfe07dfdc3db09fbf99f771e0c9017","name":"Plataforma Khetane","image":{"@type":"ImageObject","@id":"https:\/\/plataformakhetane.org\/#personlogo","inLanguage":"es","url":"https:\/\/secure.gravatar.com\/avatar\/f76b19d860d0d844afbb6c94250ad7e2?s=96&d=mm&r=g","contentUrl":"https:\/\/secure.gravatar.com\/avatar\/f76b19d860d0d844afbb6c94250ad7e2?s=96&d=mm&r=g","caption":"Plataforma Khetane"},"sameAs":["https:\/\/www.plataformakhetane.com","https:\/\/www.facebook.com\/Plataforma-Khetane-1269848463031206\/","https:\/\/www.instagram.com\/plataformakhetane\/","https:\/\/twitter.com\/PlatafKhetane","https:\/\/www.youtube.com\/channel\/UCpCq173gSHV2_e9fwbqtTwA"],"url":"https:\/\/plataformakhetane.org\/index.php\/author\/gitano1_webkhetane\/"}]}},"_links":{"self":[{"href":"https:\/\/plataformakhetane.org\/index.php\/wp-json\/wp\/v2\/posts\/4872"}],"collection":[{"href":"https:\/\/plataformakhetane.org\/index.php\/wp-json\/wp\/v2\/posts"}],"about":[{"href":"https:\/\/plataformakhetane.org\/index.php\/wp-json\/wp\/v2\/types\/post"}],"author":[{"embeddable":true,"href":"https:\/\/plataformakhetane.org\/index.php\/wp-json\/wp\/v2\/users\/1"}],"replies":[{"embeddable":true,"href":"https:\/\/plataformakhetane.org\/index.php\/wp-json\/wp\/v2\/comments?post=4872"}],"version-history":[{"count":27,"href":"https:\/\/plataformakhetane.org\/index.php\/wp-json\/wp\/v2\/posts\/4872\/revisions"}],"predecessor-version":[{"id":4909,"href":"https:\/\/plataformakhetane.org\/index.php\/wp-json\/wp\/v2\/posts\/4872\/revisions\/4909"}],"wp:featuredmedia":[{"embeddable":true,"href":"https:\/\/plataformakhetane.org\/index.php\/wp-json\/wp\/v2\/media\/4874"}],"wp:attachment":[{"href":"https:\/\/plataformakhetane.org\/index.php\/wp-json\/wp\/v2\/media?parent=4872"}],"wp:term":[{"taxonomy":"category","embeddable":true,"href":"https:\/\/plataformakhetane.org\/index.php\/wp-json\/wp\/v2\/categories?post=4872"},{"taxonomy":"post_tag","embeddable":true,"href":"https:\/\/plataformakhetane.org\/index.php\/wp-json\/wp\/v2\/tags?post=4872"}],"curies":[{"name":"wp","href":"https:\/\/api.w.org\/{rel}","templated":true}]}}