{"id":4447,"date":"2020-04-27T20:20:34","date_gmt":"2020-04-27T18:20:34","guid":{"rendered":"http:\/\/plataformakhetane.org\/?p=4447"},"modified":"2020-05-11T13:33:45","modified_gmt":"2020-05-11T11:33:45","slug":"las-organizaciones-gitanas-hacen-propuestas-para-salvar-la-venta-ambulante","status":"publish","type":"post","link":"https:\/\/plataformakhetane.org\/index.php\/2020\/04\/27\/las-organizaciones-gitanas-hacen-propuestas-para-salvar-la-venta-ambulante\/","title":{"rendered":"Las organizaciones gitanas hacen propuestas para salvar la venta ambulante"},"content":{"rendered":"\n<p>Las organizaciones gitanas que subscriben este comunicado de prensa son algunas de las m\u00e1s representativas de todo el Estado Espa\u00f1ol. Todas ellas han elaborado un documento de posicionamiento ante la grave crisis en la que est\u00e1 inmersa la venta ambulante en Espa\u00f1a que adjuntamos al final de este comunicado. Es la voluntad de estas organizaciones es establecer una l\u00ednea de di\u00e1logo con los gobiernos auton\u00f3micos, as\u00ed como el estatal para abordar tanto las medidas de urgencia, como las m\u00e1s estructurales que tienen un horizonte temporal de medio y largo plazo.<\/p>\n\n\n\n<p>Reproducimos el contenido completo del comunicado:<\/p>\n\n\n\n<div class=\"wp-block-image\"><figure class=\"alignleft size-large\"><img loading=\"lazy\" width=\"1024\" height=\"346\" src=\"http:\/\/plataformakhetane.org\/wp-content\/uploads\/2020\/03\/mercadillo-gitana-1024x346.jpg\" alt=\"\" class=\"wp-image-4010\" srcset=\"http:\/\/plataformakhetane.org\/wp-content\/uploads\/2020\/03\/mercadillo-gitana-980x331.jpg 980w, http:\/\/plataformakhetane.org\/wp-content\/uploads\/2020\/03\/mercadillo-gitana-480x162.jpg 480w\" sizes=\"(min-width: 0px) and (max-width: 480px) 480px, (min-width: 481px) and (max-width: 980px) 980px, (min-width: 981px) 1024px, 100vw\" \/><\/figure><\/div>\n\n\n\n<h2><strong>Mercadillos como actividad laboral tradicional en el siglo XXI<\/strong><\/h2>\n\n\n\n<p>Las organizaciones abajo firmantes manifiestan su posicionamiento ante la situaci\u00f3n del comercio ambulante, como sector econ\u00f3mico estrat\u00e9gico para la poblaci\u00f3n gitana, entre otros, en el Estado Espa\u00f1ol que ya padec\u00eda problemas de car\u00e1cter estructurales previo a la aparici\u00f3n del COVID-19 y que, de no tomar medidas rotundas y claras en torno al mismo, dejar\u00e1 al 75% de la poblaci\u00f3n gitana en una situaci\u00f3n de precariedad absoluta que puede transformar esta crisis sanitaria, en una de car\u00e1cter humanitario. Debemos recordar que en Espa\u00f1a hay m\u00e1s de 3.500 mercadillos que se celebran cada semana y detr\u00e1s de ellos, 40.000 aut\u00f3nomos y miles de familias viven de esta actividad econ\u00f3mica.<\/p>\n\n\n\n<div style=\"height:74px\" aria-hidden=\"true\" class=\"wp-block-spacer\"><\/div>\n\n\n\n<h3>Medidas a tomar para salvar el sector estrat\u00e9gico de la econom\u00eda en Espa\u00f1a: la venta ambulante<\/h3>\n\n\n\n<p><strong>1 &#8211; CREACI\u00d3N DE UN PLAN DE RESCATE DE LA VENTA AMBULANTE<\/strong><br>Llevar a cabo un Plan de Rescate de la Venta Ambulante que incluya la implementaci\u00f3n de medidas extraordinarias que modernicen la imagen, prestaciones, servicios y productos del mercado, entendiendo esto como una expresi\u00f3n del comercio local y de proximidad. Este Plan debe abordarse desde el enfoque de lucha contra la exclusi\u00f3n social, de generaci\u00f3n de econom\u00eda para colectivos en riesgo de exclusi\u00f3n (como lo es el Pueblo Gitano), de combate contra el antigitanismo y de fomento de la diversidad cultural. Para la redacci\u00f3n de ese Plan ser\u00e1 necesario establecer y dise\u00f1ar un proceso con la participaci\u00f3n activa de la sociedad civil, las administraciones central, auton\u00f3mica y local y los principales actores socioecon\u00f3micos del pa\u00eds (c\u00e1maras de comercio, patronales y sindicatos).<\/p>\n\n\n\n<p>Por otra parte, este plan deber\u00eda prohibir la deslocalizaci\u00f3n de los mercados a zonas periurbanas; Instaurar d\u00edas especiales, con horarios especiales como hacen las tiendas, ejemplo \u201cBlack Friday\u201d, en Navidades, ferias y por garantizar que los d\u00edas festivos no hagan perder d\u00edas de venta; Un plan de formaci\u00f3n y adquisici\u00f3n de nuevas competencias para los profesionales de la venta ambulante y el fomento del asociacionismo de vendedores ambulantes como un hecho fundamental en el desarrollo del sector.<\/p>\n\n\n\n<p><strong>2 &#8211; REDACCI\u00d3N Y APROBACI\u00d3N DE UNA LEY DEL COMERCIO AMBULANTE<\/strong><br>Impulso para la redacci\u00f3n de la \u201cLey Marco\u201d, con la participaci\u00f3n de todos los agentes implicados y su posterior aprobaci\u00f3n parlamentaria. Se tratar\u00e1 de una ley espec\u00edfica del comercio ambulante que reconozca la diversidad, las caracter\u00edsticas y los elementos espec\u00edficos que la componen, de este modo, los mercados estar\u00e1n en r\u00e9gimen de competencia con las grandes superficies y los productos \u00ablowcost\u00bb. Otro aspecto fundamental que deber\u00eda recoger esta ley es que todos los ayuntamientos de Espa\u00f1a que tengan en su territorio un mercado de venta ambulante deban tener una Mesa de Trabajo en la cual est\u00e9n representados los vendedores ambulantes y en la que se realice un seguimiento de la evoluci\u00f3n del mismo y tenga capacidad para hacer propuestas que se eleven a su respectivo gobierno municipal.<\/p>\n\n\n\n<p><strong>3 &#8211; REGULACI\u00d3N DE LOS OPERATIVOS POLICIALES QUE ACT\u00daAN EN LOS MERCADOS AMBULANTES<\/strong><br>Habilitar una unidad policial especial para la gesti\u00f3n de los mercados, de ese modo la confianza entre los agentes y los comerciantes se acrecienta, se conocen y de ese modo, es m\u00e1s f\u00e1cil tambi\u00e9n detectar posibles irregularidades. Recordar a los agentes y a las autoridades competentes los criterios de actuaci\u00f3n e intervenci\u00f3n, que son: congruencia, oportunidad y proporcionalidad. Exigir que las unidades de intervenci\u00f3n de los mercadillos tengan una \u201cformaci\u00f3n en poblaci\u00f3n minor\u00edas \u00e9tnicas\u201d, de ese modo, sabr\u00e1n intervenir y mejorar las intervenciones con todos los grupos minoritarios del mercadillo.<\/p>\n\n\n\n<figure class=\"wp-block-image size-large\"><img loading=\"lazy\" width=\"770\" height=\"462\" src=\"http:\/\/plataformakhetane.org\/wp-content\/uploads\/2020\/04\/img1718284s-770x462-1.jpg\" alt=\"\" class=\"wp-image-4454\" srcset=\"http:\/\/plataformakhetane.org\/wp-content\/uploads\/2020\/04\/img1718284s-770x462-1.jpg 770w, http:\/\/plataformakhetane.org\/wp-content\/uploads\/2020\/04\/img1718284s-770x462-1-480x288.jpg 480w\" sizes=\"(min-width: 0px) and (max-width: 480px) 480px, (min-width: 481px) 770px, 100vw\" \/><figcaption>Foto: <a rel=\"noreferrer noopener\" href=\"https:\/\/www.aragondigital.es\/2020\/01\/29\/el-mercado-de-venta-ambulante-se-instalara-los-sabados-en-obispo-pintado\/amp\/\" target=\"_blank\">aragondigital.com<\/a><\/figcaption><\/figure>\n\n\n\n<div style=\"height:67px\" aria-hidden=\"true\" class=\"wp-block-spacer\"><\/div>\n\n\n\n<h3>Con las consecuencias de la pandemia de la COVID-19 la venta ambulante est\u00e1 en serio riesgo de desaparecer. Medidas urgentes para abordar esta crisis<\/h3>\n\n\n\n<p><strong>1 \u2013 SE EST\u00c1 PONIENDO EN RIESGO LA SUPERVIVENCIA SOCIAL DE MILES DE FAMILIAS Y DEL CONJUNTO DE LA SOCIEDAD<\/strong><br>Los poderes p\u00fablicos, tanto a nivel local, auton\u00f3mico como estatal, deben velar por romper las barreras que limiten e impiden la inclusi\u00f3n de sectores determinados de la sociedad y atender de manera espec\u00edfica las situaciones que sufre la poblaci\u00f3n m\u00e1s vulnerable, como en estos momentos afecta al sector de la venta ambulante del que dependen el sustento de muchas familias en este pa\u00eds.<\/p>\n\n\n\n<p><strong>2 \u2013 LAS MEDIDAS DE APOYO ESTABLECIDAS NO ESTAN LLEGANDO A LA POBLACION GITANA DE MANERA SUFICIENTE<\/strong><br>Por lo que respecta las tibias medidas del gobierno respecto al 75% de la poblaci\u00f3n gitana, que es el que se dedica a la venta ambulante, nuestro an\u00e1lisis es francamente devastador. Las ayudas que el gobierno ha anunciado a lo largo de todas estas semanas est\u00e1n llegando mal y tarde en el mejor de los casos. Hay una sobresaturaci\u00f3n burocr\u00e1tica que est\u00e1 bloqueando la tramitaci\u00f3n de los expedientes de solicitudes de ayuda a los trabajadores aut\u00f3nomos y a otros muchos vendedores ambulantes que est\u00e1n bajo el abrigo de cooperativas u otras formas empresariales de cotizaci\u00f3n. Y esto sigue ocurriendo transcurridos 40 d\u00edas desde la declaraci\u00f3n del Estado de Alarma.<\/p>\n\n\n\n<p><strong>3 \u2013 RECTIFICACI\u00d3N DEL GOBIERNO EN LAS MEDIDAS DE APOYO A LOS AUT\u00d3NOMOS<\/strong><br>Por otra parte, la cuant\u00eda de la ayuda a los trabajadores aut\u00f3nomos establecida por el gobierno es a todas luces insuficiente para afrontar las semanas que nos quedan de confinamiento. Las familias que viven exclusivamente de la venta ambulante deben tener ayudas directas y m\u00e1s decididas por parte del legislativo que al no tomar este tipo de medidas est\u00e1 poniendo en riesgo la subsistencia econ\u00f3mica de miles de personas. En este sentido hay que actuar con urgencia estableciendo la suspensi\u00f3n del pago de la cuota de aut\u00f3nomos, todos los impuestos y tasas durante m\u00ednimo 6 meses, y el resto de los meses cobrarlo al 50 %, las licencias municipales de manera generalizada y coordinada; as\u00ed como estableciendo ayudas espec\u00edficas para paliar las consecuencias econ\u00f3micas y sanitarias de esta crisis humanitaria.<\/p>\n\n\n\n<p class=\"has-text-color has-very-dark-gray-color\"><strong>4 \u2013 PAR\u00c1LISIS DE EXPEDIENTES SANCIONADORES, NULIDAD DE IMPOSICI\u00d3N DE RECARGOS EN LOS IMPUESTOS IMPAGADOS Y ESTABLECIMIENTO URGENTE DE UNA RENTA MINIMA<\/strong><br>El Gobierno tiene que garantizar y proveer de Ingresos M\u00ednimos Vitales a las familias con mayores necesidades, por lo tanto, deber\u00edan paralizar los expedientes sancionadores y restablecerse los ingresos m\u00ednimos que hayan podido suspenderse en las \u00faltimas semanas. Que se garantice el pago de estas \u201cRentas M\u00ednimas\u201d mientras dure esta situaci\u00f3n de emergencia y excepcionalidad.<\/p>\n\n\n\n<p><strong>5 \u2013 ESTABLECER UNA LINEA DE CR\u00c9DITO URGENTE PARA LA VENTA AMBULANTE PARA PODER INVERTIR EN NUEVOS PRODUCTOS PARA LA VENTA EN LA REAPERTURA DE LOS MERCADILLOS<\/strong><br>Los comerciantes ambulantes se han quedado con un stock de productos de la temporada de invierno sin vender. Este hecho significa que hay un capital inmovilizado que es un verdadero problema para la subsistencia de miles de familias. Esta situaci\u00f3n no solo es insostenible en la actualidad, sino que lo ser\u00e1 cuando las medidas de confinamiento permitan la reapertura de los mercadillos. El gobierno central y los auton\u00f3micos deben establecer l\u00edneas de cr\u00e9ditos urgentes especificas para la venta ambulante, que tengan como fin la inversi\u00f3n en nuevos productos para la venta, imprescindible antes de la temporada de verano.<\/p>\n\n\n\n<div class=\"wp-block-image\"><figure class=\"alignleft size-large\"><img loading=\"lazy\" width=\"1024\" height=\"748\" src=\"http:\/\/plataformakhetane.org\/wp-content\/uploads\/2020\/04\/AyuntamientoCartagena-1024x748.jpg\" alt=\"\" class=\"wp-image-4455\" srcset=\"http:\/\/plataformakhetane.org\/wp-content\/uploads\/2020\/04\/AyuntamientoCartagena-980x716.jpg 980w, http:\/\/plataformakhetane.org\/wp-content\/uploads\/2020\/04\/AyuntamientoCartagena-480x351.jpg 480w\" sizes=\"(min-width: 0px) and (max-width: 480px) 480px, (min-width: 481px) and (max-width: 980px) 980px, (min-width: 981px) 1024px, 100vw\" \/><figcaption>Foto: Ayuntamiento de Cartagena<\/figcaption><\/figure><\/div>\n\n\n\n<p>Por todo ello, las organizaciones firmantes dar\u00e1n a conocer este documento, tanto a las autoridades pertinentes como a la opini\u00f3n p\u00fablica.<\/p>\n\n\n\n<p><strong>Organizaciones firmantes:<\/strong><\/p>\n\n\n\n<ul><li>Federaci\u00f3n Socio Cultural E RROMA VA, Canarias<\/li><li>Federaci\u00f3n MARANATHA de Asociaciones Gitanas, Valencia<\/li><li>Federaci\u00f3n de Asociaciones Gitanas de Navarra GAZ KALO<\/li><li>Asociaci\u00f3n Nacional Presencia Gitana (ANPG)<\/li><li>Federaci\u00f3n Auton\u00f3mica de Asociaciones Gitanas de la Comunidad  Valenciana (FAGA Valencia)<\/li><li>Federaci\u00f3n de Asociaciones Gitanas Extreme\u00f1as (FAGEX)<\/li><li>Federaci\u00f3n de Asociaciones Gitana de Arag\u00f3n (FAGA Arag\u00f3n)<\/li><li>Asociaci\u00f3n de Promoci\u00f3n Gitana de La Rioja (APGR)<\/li><li>Asociaci\u00f3n de Mujeres Gitanas ALBORE\u00c1, Madrid<\/li><li>Asociaci\u00f3n de J\u00f3venes Gitanos Extreme\u00f1os (AJGEX)<\/li><li>Federaci\u00f3n de Asociaciones Gitanas de Castilla y Le\u00f3n (FAGCyL)<\/li><li>Federaci\u00f3n Nacional de Asociaciones de Mujeres Gitanas KAMIRA<\/li><li>Federaci\u00f3n Regional Gitana de Castilla la Mancha (FRGCLM)<\/li><li>Federaci\u00f3n de Asociaciones Gitanas de Catalu\u00f1a (FAGIC)<\/li><li>Asociaci\u00f3n Socio-Cultural de las Minor\u00edas \u00c9tnicas UNGA, Asturias<\/li><\/ul>\n\n\n\n<p><strong>Asistencia t\u00e9cnica:<\/strong><\/p>\n\n\n\n<ul><li>Plataforma KHETANE del Movimiento Asociativo Gitano del Estado Espa\u00f1ol<\/li><\/ul>\n\n\n\n<p><strong>Organizaciones que se adhieren:<\/strong><\/p>\n\n\n\n<ul><li>Asociaci\u00f3n de Mujeres Gitanas Romi de Granada. (ROMI Granada)<\/li><li>Asociaci\u00f3n Gitana por el Futuro de Gipuzkoa (AGIFUGI)<\/li><li>Federaci\u00f3n de Asociaciones Gitanas para la Lucha Contra las Desigualdades y la Exclusi\u00f3n Social del Pueblo Gitano (FADEG), Albacete<\/li><li>Asociaci\u00f3n para la Promoci\u00f3n del Flamenco STUDIO 41013, Sevilla<\/li><li>Asociaci\u00f3n por la Recuperaci\u00f3n y el Fomento del Romano (ARFRO), Cantabria<\/li><li>Asociaci\u00f3n MUNDO ABIERTO Corrigiendo Desigualdades, Aranda de Duero<\/li><li>Asociaci\u00f3n de Mujeres Gitanas Romi de Valencia (ROMI Valencia)<\/li><li>Rromane Glasur\u00e1 &#8211; VEUS GITANES, Hospitalet de Llobregat<\/li><li>Asociaci\u00f3n Intregracion Sociocultural de Gitanos de Palencia (GIPA)<\/li><li>Asociaci\u00f3n Gitana NEVIPEN, Bilbao<\/li><li>Uni\u00f3n Gitana de Burgos (UGB)<\/li><li>Asociaci\u00f3n CRECER 7, Canarias<\/li><li>Asociaci\u00f3n Gitanas Feministas por la Diversidad (AGFD)<\/li><li>Asociaci\u00f3n para la Promoci\u00f3n Integral y el Desarrollo Econ\u00f3mico del Pueblo Gitano (APROIDEG)<\/li><li>Asociaci\u00f3n SIM ROMI Gipuzkoaqe de Mujeres Gitanas<\/li><li>Asociaci\u00f3n de Mujeres Gitanas de Euskadi (AMUGE)<\/li><li>Asociaci\u00f3n Socio-Cultural de Gitanos y Gitanas Luso-Asturianos GIJ\u00d3N EMPRENDE<\/li><li>Federaci\u00f3n de Asociaciones Gitanas de La Rioja EZOR RROMA<\/li><li>SOS RACISMO Madrid<\/li><\/ul>\n\n\n\n<div class=\"wp-container-1 wp-block-buttons\">\n<div class=\"wp-block-button is-style-fill\"><a class=\"wp-block-button__link has-background\" href=\"http:\/\/plataformakhetane.org\/wp-content\/uploads\/2020\/04\/2020_04_28-Mercadillos-como-actividad-laboral-tradicional-en-el-siglo-XXI.pdf\" style=\"background-color:#0c71c3;border-radius:23px\" target=\"_blank\" rel=\"noreferrer noopener\">Documento de posicionamiento<\/a><\/div>\n<\/div>\n\n\n\n<p><\/p>\n<span class=\"et_bloom_bottom_trigger\"><\/span>","protected":false},"excerpt":{"rendered":"<p>Las organizaciones gitanas que subscriben este comunicado de prensa son algunas de las m\u00e1s representativas de todo el Estado Espa\u00f1ol. Todas ellas han elaborado un documento de posicionamiento ante la grave crisis en la que est\u00e1 inmersa la venta ambulante en Espa\u00f1a que adjuntamos al final de este comunicado. Es la voluntad de estas organizaciones [&hellip;]<\/p>\n","protected":false},"author":1,"featured_media":4453,"comment_status":"open","ping_status":"open","sticky":false,"template":"","format":"standard","meta":{"_et_pb_use_builder":"","_et_pb_old_content":"","_et_gb_content_width":"","_mi_skip_tracking":false,"_exactmetrics_sitenote_active":false,"_exactmetrics_sitenote_note":"","_exactmetrics_sitenote_category":0},"categories":[5,118],"tags":[],"yoast_head":"<!-- This site is optimized with the Yoast SEO plugin v18.5.1 - https:\/\/yoast.com\/wordpress\/plugins\/seo\/ -->\n<title>Las organizaciones gitanas hacen propuestas para salvar la venta ambulante - Plataforma Khetane<\/title>\n<meta name=\"robots\" content=\"index, follow, max-snippet:-1, max-image-preview:large, max-video-preview:-1\" \/>\n<link rel=\"canonical\" href=\"https:\/\/plataformakhetane.org\/index.php\/2020\/04\/27\/las-organizaciones-gitanas-hacen-propuestas-para-salvar-la-venta-ambulante\/\" \/>\n<meta property=\"og:locale\" content=\"es_ES\" \/>\n<meta property=\"og:type\" content=\"article\" \/>\n<meta property=\"og:title\" content=\"Las organizaciones gitanas hacen propuestas para salvar la venta ambulante - Plataforma Khetane\" \/>\n<meta property=\"og:description\" content=\"Las organizaciones gitanas que subscriben este comunicado de prensa son algunas de las m\u00e1s representativas de todo el Estado Espa\u00f1ol. Todas ellas han elaborado un documento de posicionamiento ante la grave crisis en la que est\u00e1 inmersa la venta ambulante en Espa\u00f1a que adjuntamos al final de este comunicado. Es la voluntad de estas organizaciones [&hellip;]\" \/>\n<meta property=\"og:url\" content=\"https:\/\/plataformakhetane.org\/index.php\/2020\/04\/27\/las-organizaciones-gitanas-hacen-propuestas-para-salvar-la-venta-ambulante\/\" \/>\n<meta property=\"og:site_name\" content=\"Plataforma Khetane\" \/>\n<meta property=\"article:author\" content=\"https:\/\/www.facebook.com\/Plataforma-Khetane-1269848463031206\/\" \/>\n<meta property=\"article:published_time\" content=\"2020-04-27T18:20:34+00:00\" \/>\n<meta property=\"article:modified_time\" content=\"2020-05-11T11:33:45+00:00\" \/>\n<meta property=\"og:image\" content=\"https:\/\/plataformakhetane.org\/wp-content\/uploads\/2020\/04\/Aragon-Digital.gif\" \/>\n\t<meta property=\"og:image:width\" content=\"829\" \/>\n\t<meta property=\"og:image:height\" content=\"464\" \/>\n\t<meta property=\"og:image:type\" content=\"image\/gif\" \/>\n<meta name=\"twitter:card\" content=\"summary\" \/>\n<meta name=\"twitter:creator\" content=\"@PlatafKhetane\" \/>\n<meta name=\"twitter:label1\" content=\"Escrito por\" \/>\n\t<meta name=\"twitter:data1\" content=\"Plataforma Khetane\" \/>\n\t<meta name=\"twitter:label2\" content=\"Tiempo de lectura\" \/>\n\t<meta name=\"twitter:data2\" content=\"8 minutos\" \/>\n<script type=\"application\/ld+json\" class=\"yoast-schema-graph\">{\"@context\":\"https:\/\/schema.org\",\"@graph\":[{\"@type\":\"WebSite\",\"@id\":\"https:\/\/plataformakhetane.org\/#website\",\"url\":\"https:\/\/plataformakhetane.org\/\",\"name\":\"Plataforma Khetane\",\"description\":\"Movimiento Asociativo Gitano del Estado Espa\u00f1ol\",\"potentialAction\":[{\"@type\":\"SearchAction\",\"target\":{\"@type\":\"EntryPoint\",\"urlTemplate\":\"https:\/\/plataformakhetane.org\/?s={search_term_string}\"},\"query-input\":\"required name=search_term_string\"}],\"inLanguage\":\"es\"},{\"@type\":\"ImageObject\",\"@id\":\"https:\/\/plataformakhetane.org\/index.php\/2020\/04\/27\/las-organizaciones-gitanas-hacen-propuestas-para-salvar-la-venta-ambulante\/#primaryimage\",\"inLanguage\":\"es\",\"url\":\"https:\/\/plataformakhetane.org\/wp-content\/uploads\/2020\/04\/Aragon-Digital.gif\",\"contentUrl\":\"https:\/\/plataformakhetane.org\/wp-content\/uploads\/2020\/04\/Aragon-Digital.gif\",\"width\":829,\"height\":464},{\"@type\":\"WebPage\",\"@id\":\"https:\/\/plataformakhetane.org\/index.php\/2020\/04\/27\/las-organizaciones-gitanas-hacen-propuestas-para-salvar-la-venta-ambulante\/#webpage\",\"url\":\"https:\/\/plataformakhetane.org\/index.php\/2020\/04\/27\/las-organizaciones-gitanas-hacen-propuestas-para-salvar-la-venta-ambulante\/\",\"name\":\"Las organizaciones gitanas hacen propuestas para salvar la venta ambulante - Plataforma Khetane\",\"isPartOf\":{\"@id\":\"https:\/\/plataformakhetane.org\/#website\"},\"primaryImageOfPage\":{\"@id\":\"https:\/\/plataformakhetane.org\/index.php\/2020\/04\/27\/las-organizaciones-gitanas-hacen-propuestas-para-salvar-la-venta-ambulante\/#primaryimage\"},\"datePublished\":\"2020-04-27T18:20:34+00:00\",\"dateModified\":\"2020-05-11T11:33:45+00:00\",\"author\":{\"@id\":\"https:\/\/plataformakhetane.org\/#\/schema\/person\/5bdfe07dfdc3db09fbf99f771e0c9017\"},\"breadcrumb\":{\"@id\":\"https:\/\/plataformakhetane.org\/index.php\/2020\/04\/27\/las-organizaciones-gitanas-hacen-propuestas-para-salvar-la-venta-ambulante\/#breadcrumb\"},\"inLanguage\":\"es\",\"potentialAction\":[{\"@type\":\"ReadAction\",\"target\":[\"https:\/\/plataformakhetane.org\/index.php\/2020\/04\/27\/las-organizaciones-gitanas-hacen-propuestas-para-salvar-la-venta-ambulante\/\"]}]},{\"@type\":\"BreadcrumbList\",\"@id\":\"https:\/\/plataformakhetane.org\/index.php\/2020\/04\/27\/las-organizaciones-gitanas-hacen-propuestas-para-salvar-la-venta-ambulante\/#breadcrumb\",\"itemListElement\":[{\"@type\":\"ListItem\",\"position\":1,\"name\":\"Portada\",\"item\":\"https:\/\/plataformakhetane.org\/\"},{\"@type\":\"ListItem\",\"position\":2,\"name\":\"Las organizaciones gitanas hacen propuestas para salvar la venta ambulante\"}]},{\"@type\":\"Person\",\"@id\":\"https:\/\/plataformakhetane.org\/#\/schema\/person\/5bdfe07dfdc3db09fbf99f771e0c9017\",\"name\":\"Plataforma Khetane\",\"image\":{\"@type\":\"ImageObject\",\"@id\":\"https:\/\/plataformakhetane.org\/#personlogo\",\"inLanguage\":\"es\",\"url\":\"https:\/\/secure.gravatar.com\/avatar\/f76b19d860d0d844afbb6c94250ad7e2?s=96&d=mm&r=g\",\"contentUrl\":\"https:\/\/secure.gravatar.com\/avatar\/f76b19d860d0d844afbb6c94250ad7e2?s=96&d=mm&r=g\",\"caption\":\"Plataforma Khetane\"},\"sameAs\":[\"https:\/\/www.plataformakhetane.com\",\"https:\/\/www.facebook.com\/Plataforma-Khetane-1269848463031206\/\",\"https:\/\/www.instagram.com\/plataformakhetane\/\",\"https:\/\/twitter.com\/PlatafKhetane\",\"https:\/\/www.youtube.com\/channel\/UCpCq173gSHV2_e9fwbqtTwA\"],\"url\":\"https:\/\/plataformakhetane.org\/index.php\/author\/gitano1_webkhetane\/\"}]}<\/script>\n<!-- \/ Yoast SEO plugin. -->","yoast_head_json":{"title":"Las organizaciones gitanas hacen propuestas para salvar la venta ambulante - Plataforma Khetane","robots":{"index":"index","follow":"follow","max-snippet":"max-snippet:-1","max-image-preview":"max-image-preview:large","max-video-preview":"max-video-preview:-1"},"canonical":"https:\/\/plataformakhetane.org\/index.php\/2020\/04\/27\/las-organizaciones-gitanas-hacen-propuestas-para-salvar-la-venta-ambulante\/","og_locale":"es_ES","og_type":"article","og_title":"Las organizaciones gitanas hacen propuestas para salvar la venta ambulante - Plataforma Khetane","og_description":"Las organizaciones gitanas que subscriben este comunicado de prensa son algunas de las m\u00e1s representativas de todo el Estado Espa\u00f1ol. Todas ellas han elaborado un documento de posicionamiento ante la grave crisis en la que est\u00e1 inmersa la venta ambulante en Espa\u00f1a que adjuntamos al final de este comunicado. Es la voluntad de estas organizaciones [&hellip;]","og_url":"https:\/\/plataformakhetane.org\/index.php\/2020\/04\/27\/las-organizaciones-gitanas-hacen-propuestas-para-salvar-la-venta-ambulante\/","og_site_name":"Plataforma Khetane","article_author":"https:\/\/www.facebook.com\/Plataforma-Khetane-1269848463031206\/","article_published_time":"2020-04-27T18:20:34+00:00","article_modified_time":"2020-05-11T11:33:45+00:00","og_image":[{"width":829,"height":464,"url":"https:\/\/plataformakhetane.org\/wp-content\/uploads\/2020\/04\/Aragon-Digital.gif","type":"image\/gif"}],"twitter_card":"summary","twitter_creator":"@PlatafKhetane","twitter_misc":{"Escrito por":"Plataforma Khetane","Tiempo de lectura":"8 minutos"},"schema":{"@context":"https:\/\/schema.org","@graph":[{"@type":"WebSite","@id":"https:\/\/plataformakhetane.org\/#website","url":"https:\/\/plataformakhetane.org\/","name":"Plataforma Khetane","description":"Movimiento Asociativo Gitano del Estado Espa\u00f1ol","potentialAction":[{"@type":"SearchAction","target":{"@type":"EntryPoint","urlTemplate":"https:\/\/plataformakhetane.org\/?s={search_term_string}"},"query-input":"required name=search_term_string"}],"inLanguage":"es"},{"@type":"ImageObject","@id":"https:\/\/plataformakhetane.org\/index.php\/2020\/04\/27\/las-organizaciones-gitanas-hacen-propuestas-para-salvar-la-venta-ambulante\/#primaryimage","inLanguage":"es","url":"https:\/\/plataformakhetane.org\/wp-content\/uploads\/2020\/04\/Aragon-Digital.gif","contentUrl":"https:\/\/plataformakhetane.org\/wp-content\/uploads\/2020\/04\/Aragon-Digital.gif","width":829,"height":464},{"@type":"WebPage","@id":"https:\/\/plataformakhetane.org\/index.php\/2020\/04\/27\/las-organizaciones-gitanas-hacen-propuestas-para-salvar-la-venta-ambulante\/#webpage","url":"https:\/\/plataformakhetane.org\/index.php\/2020\/04\/27\/las-organizaciones-gitanas-hacen-propuestas-para-salvar-la-venta-ambulante\/","name":"Las organizaciones gitanas hacen propuestas para salvar la venta ambulante - Plataforma Khetane","isPartOf":{"@id":"https:\/\/plataformakhetane.org\/#website"},"primaryImageOfPage":{"@id":"https:\/\/plataformakhetane.org\/index.php\/2020\/04\/27\/las-organizaciones-gitanas-hacen-propuestas-para-salvar-la-venta-ambulante\/#primaryimage"},"datePublished":"2020-04-27T18:20:34+00:00","dateModified":"2020-05-11T11:33:45+00:00","author":{"@id":"https:\/\/plataformakhetane.org\/#\/schema\/person\/5bdfe07dfdc3db09fbf99f771e0c9017"},"breadcrumb":{"@id":"https:\/\/plataformakhetane.org\/index.php\/2020\/04\/27\/las-organizaciones-gitanas-hacen-propuestas-para-salvar-la-venta-ambulante\/#breadcrumb"},"inLanguage":"es","potentialAction":[{"@type":"ReadAction","target":["https:\/\/plataformakhetane.org\/index.php\/2020\/04\/27\/las-organizaciones-gitanas-hacen-propuestas-para-salvar-la-venta-ambulante\/"]}]},{"@type":"BreadcrumbList","@id":"https:\/\/plataformakhetane.org\/index.php\/2020\/04\/27\/las-organizaciones-gitanas-hacen-propuestas-para-salvar-la-venta-ambulante\/#breadcrumb","itemListElement":[{"@type":"ListItem","position":1,"name":"Portada","item":"https:\/\/plataformakhetane.org\/"},{"@type":"ListItem","position":2,"name":"Las organizaciones gitanas hacen propuestas para salvar la venta ambulante"}]},{"@type":"Person","@id":"https:\/\/plataformakhetane.org\/#\/schema\/person\/5bdfe07dfdc3db09fbf99f771e0c9017","name":"Plataforma Khetane","image":{"@type":"ImageObject","@id":"https:\/\/plataformakhetane.org\/#personlogo","inLanguage":"es","url":"https:\/\/secure.gravatar.com\/avatar\/f76b19d860d0d844afbb6c94250ad7e2?s=96&d=mm&r=g","contentUrl":"https:\/\/secure.gravatar.com\/avatar\/f76b19d860d0d844afbb6c94250ad7e2?s=96&d=mm&r=g","caption":"Plataforma Khetane"},"sameAs":["https:\/\/www.plataformakhetane.com","https:\/\/www.facebook.com\/Plataforma-Khetane-1269848463031206\/","https:\/\/www.instagram.com\/plataformakhetane\/","https:\/\/twitter.com\/PlatafKhetane","https:\/\/www.youtube.com\/channel\/UCpCq173gSHV2_e9fwbqtTwA"],"url":"https:\/\/plataformakhetane.org\/index.php\/author\/gitano1_webkhetane\/"}]}},"_links":{"self":[{"href":"https:\/\/plataformakhetane.org\/index.php\/wp-json\/wp\/v2\/posts\/4447"}],"collection":[{"href":"https:\/\/plataformakhetane.org\/index.php\/wp-json\/wp\/v2\/posts"}],"about":[{"href":"https:\/\/plataformakhetane.org\/index.php\/wp-json\/wp\/v2\/types\/post"}],"author":[{"embeddable":true,"href":"https:\/\/plataformakhetane.org\/index.php\/wp-json\/wp\/v2\/users\/1"}],"replies":[{"embeddable":true,"href":"https:\/\/plataformakhetane.org\/index.php\/wp-json\/wp\/v2\/comments?post=4447"}],"version-history":[{"count":38,"href":"https:\/\/plataformakhetane.org\/index.php\/wp-json\/wp\/v2\/posts\/4447\/revisions"}],"predecessor-version":[{"id":4632,"href":"https:\/\/plataformakhetane.org\/index.php\/wp-json\/wp\/v2\/posts\/4447\/revisions\/4632"}],"wp:featuredmedia":[{"embeddable":true,"href":"https:\/\/plataformakhetane.org\/index.php\/wp-json\/wp\/v2\/media\/4453"}],"wp:attachment":[{"href":"https:\/\/plataformakhetane.org\/index.php\/wp-json\/wp\/v2\/media?parent=4447"}],"wp:term":[{"taxonomy":"category","embeddable":true,"href":"https:\/\/plataformakhetane.org\/index.php\/wp-json\/wp\/v2\/categories?post=4447"},{"taxonomy":"post_tag","embeddable":true,"href":"https:\/\/plataformakhetane.org\/index.php\/wp-json\/wp\/v2\/tags?post=4447"}],"curies":[{"name":"wp","href":"https:\/\/api.w.org\/{rel}","templated":true}]}}