{"id":4137,"date":"2020-03-23T19:54:00","date_gmt":"2020-03-23T18:54:00","guid":{"rendered":"http:\/\/plataformakhetane.org\/?p=4137"},"modified":"2020-03-24T20:04:09","modified_gmt":"2020-03-24T19:04:09","slug":"llamando-a-la-violencia-antigitana-en-el-poligono-sur-de-sevilla","status":"publish","type":"post","link":"https:\/\/plataformakhetane.org\/index.php\/2020\/03\/23\/llamando-a-la-violencia-antigitana-en-el-poligono-sur-de-sevilla\/","title":{"rendered":"Llamando a la violencia antigitana en el Pol\u00edgono Sur de Sevilla"},"content":{"rendered":"\n<h3>Los medios reaccionarios azuzan el odio, y los pol\u00edticos autoritarios responden en consecuencia. El estado de alarma no puede convertirse en carta blanca a los racistas, ocupen el cargo que ocupen<\/h3>\n\n\n\n<h4>1.\u00a0Miseria medi\u00e1tica durante el confinamiento<\/h4>\n\n\n\n<p>Estos d\u00edas de confinamiento, de tensi\u00f3n y preocupaci\u00f3n \ncompartida estamos enfrentando dilemas de especial relevancia social \npara el conjunto de la ciudadan\u00eda del Estado espa\u00f1ol. El estricto \naislamiento parece ser por el momento la \u00fanica forma de combatir los \ndemoledores efectos de esta inquietante pandemia que asola el panorama \ninternacional. Sin embargo, nada de ello, ni siquiera las medidas \nestablecidas por el necesario estado de alarma, pueden justificar actos \nde violencia desproporcionada contra la poblaci\u00f3n y mucho menos la \napolog\u00eda de la violencia institucional racista. Hace tan solo una \nsemana, nos ve\u00edamos obligados a reaccionar ante la propagaci\u00f3n maliciosa\n de determinados bulos antigitanos que pon\u00edan en peligro a la poblaci\u00f3n \ngitana de Haro, en La Rioja, as\u00ed como ante los constantes ataques contra\n la poblaci\u00f3n asi\u00e1tica en el grave contexto de esta crisis. No es f\u00e1cil \nenfrentar el racismo cotidiano en la calle o en las redes sociales. Pero\n resulta infinitamente m\u00e1s desolador y, al mismo tiempo, mucho m\u00e1s \npeligroso, cuando hemos de enfrentar actitudes racistas en espacios de \npoder pol\u00edtico.<\/p>\n\n\n\n<p>Durante estos d\u00edas, el peri\u00f3dico <em>ABC <\/em>en su secci\u00f3n  sevillana, cuya preocupante tendencia hacia el sensacionalismo racista  ha demostrado ampliamente en otras muchas ocasiones, ha estado  utilizando su altavoz medi\u00e1tico para atraer la atenci\u00f3n en c\u00f3mo <a rel=\"noreferrer noopener\" href=\"https:\/\/sevilla.abc.es\/sevilla\/sevi-incumplen-orden-confinamiento-tres-viviendas-202003181826_noticia.html\" target=\"_blank\">\u201cincumplen la orden de confinamiento en las Tres Mil Viviendas\u201d<\/a>.  Y muchos preguntar\u00e1n, \u00bfqu\u00e9 tiene de racista que se informe sobre lo que  est\u00e1 ocurriendo? Quiz\u00e1s debemos hacer un esfuerzo y responder a estas  preguntas que nos son lanzadas constantemente en el ejercicio de nuestra  defensa por la dignidad de la imagen de nuestro pueblo. Efectivamente  no hay ning\u00fan mal en informar sobre lo que ocurre. No obstante, querido  lector o lectora, has de saber que el ejercicio del periodismo no es una  labor inocente. Hay una intencionalidad definida y personas concretas  detr\u00e1s de cada redacci\u00f3n de cualquier peri\u00f3dico. Has de saber tambi\u00e9n  que determinadas facetas del racismo se fortalecen a trav\u00e9s de nuestra  conciencia colectiva y gracias a los mensajes, a veces no tan evidentes,  que se nos proporcionan desde los medios de comunicaci\u00f3n. El o la  profesional del periodismo elige d\u00f3nde poner la atenci\u00f3n y la forma en  la que comunicar la noticia; qu\u00e9 es noticia y por qu\u00e9 raz\u00f3n, no son  cuestiones de segundo orden ni siquiera en el contexto que nos est\u00e1  tocando vivir durante estos d\u00edas, todo lo contrario.<\/p>\n\n\n\n<blockquote class=\"wp-block-quote is-style-large\"><p>Determinadas facetas del racismo se fortalecen a trav\u00e9s de nuestra conciencia colectiva y gracias a los mensajes, a veces no tan evidentes, que se nos proporcionan desde los medios de comunicaci\u00f3n<\/p><\/blockquote>\n\n\n\n<p>Pongamos ejemplos concretos. La noticia en cuesti\u00f3n, lamentable texto\n firmado por Silvia Tubo, contribuye a afirmar maliciosamente una \npolarizaci\u00f3n moral extrema entre la supuesta Sevilla ejemplar y aquello \nque llama: \u201cotra ciudad que reh\u00faye a las c\u00e1maras y que cuesta \nfotografiar. Se trata de los puntos m\u00e1s conflictivos de la capital, \ndonde el incumplimiento de las leyes est\u00e1 a la orden del d\u00eda. Por \nejemplo: las Tres Mil Viviendas\u201d. De momento, el mensaje es evidente \nhasta para el m\u00e1s torpe: las miles de personas humildes y trabajadoras \nque viven en el Pol\u00edgono Sur son sospechosas. M\u00e1s abajo, la periodista \nda en la clave para cerrar el argumento impl\u00edcito desde el que construye\n su art\u00edculo: \u201cEn el Pol\u00edgono Sur, entre los vecinos de etnia gitana, \nest\u00e1 muy arraigado el culto evang\u00e9lico y al parecer, salir a la calle a \ncantar est\u00e1 siendo su alternativa a los aplausos que se hacen desde los \nbalcones en otros puntos de la ciudad\u201d, no sin antes terminar con una \nnota de informaci\u00f3n objetiva: \u201ceste barrio, uno de los m\u00e1s pobres de \nEspa\u00f1a.\u201d El incumplimiento puntual del confinamiento ha sido, por \ndiversas razones y durante la \u00faltima semana, una realidad m\u00e1s o menos \nconstatable en muchos puntos del territorio. Sin embargo, esta \nperiodista elige contribuir a la estigmatizaci\u00f3n de uno de los barrios \nm\u00e1s empobrecidos y olvidados del Estado espa\u00f1ol durante d\u00e9cadas y a la \ncomunidad que es centro de esa diana de estigmatizaci\u00f3n: el pueblo \ngitano.<\/p>\n\n\n\n<p>Varios d\u00edas despu\u00e9s, el mismo <em>ABC<\/em> publica una nueva noticia, firmada por la misma periodista cuyo titular es el que sigue: <a rel=\"noreferrer noopener\" href=\"https:\/\/sevilla.abc.es\/sevilla\/sevi-coronavirus-comienza-diezmar-plantillas-cuerpos-policiales-sevilla-202003210816_noticia.htm\" target=\"_blank\">\u201cEl coronavirus comienza a diezmar las plantillas de los cuerpos policiales de Sevilla\u201d<\/a>.  La foto elegida para ilustrar la noticia muestra otro elemento de  an\u00e1lisis a tener en cuenta cuando tratamos de se\u00f1alar el periodismo  tendencioso. En la imagen \u2013desconocemos qu\u00e9 relaci\u00f3n puede guardar con  el contenido de la noticia\u2013 aparecen tres vecinos del Pol\u00edgono Sur  rodeados por seis agentes de la Polic\u00eda Nacional, durante un control.  \u00bfQu\u00e9 tipo de mensaje subliminal cree, querido lector o lectora, que se  est\u00e1 enviando a la poblaci\u00f3n con semejante desprop\u00f3sito? \u00bfQue los  vecinos y vecinas del Pol\u00edgono Sur no solo representan un peligro para  la sociedad sevillana, sino tambi\u00e9n para la polic\u00eda, que incluso puede  que ellos sean responsables de la propagaci\u00f3n del virus en el cuerpo?<\/p>\n\n\n\n<h4>2.\u00a0Apolog\u00eda del odio antigitano<\/h4>\n\n\n\n<p>No obstante, lo m\u00e1s importante ha sucedido precisamente entre la  publicaci\u00f3n y difusi\u00f3n de una noticia y la otra. El 19 de marzo, un  alarmante titular ven\u00eda a confirmar las tesis expuestas en el <em>ABC<\/em>  y a premiar ejemplarmente la labor period\u00edstica de su redacci\u00f3n: \u201cEl  Comisionado del Pol\u00edgono Sur pide que entre el ej\u00e9rcito en las Tres Mil  Viviendas\u201d, con subt\u00edtulo dedicado a las palabras del jefe del  comisionado, Jaime Bret\u00f3n: \u201cNo podemos permitir que una minor\u00eda haga lo  que le d\u00e9 la gana\u201d. Las declaraciones de Bret\u00f3n al peri\u00f3dico exceden lo  esperado: \u201cBret\u00f3n ha explicado que hay cuatro iglesias evangelistas de  Filadelfia as\u00ed como innumerables escisiones formadas por clanes  familiares \u2018desestructurados\u2019 y que no est\u00e1n acostumbrados al orden  p\u00fablico, a la disciplina y a respetar la convivencia\u201d. Dif\u00edcilmente  podr\u00edamos comenzar a examinar tan siquiera los t\u00f3picos, prejuicios e  insultantes generalizaciones de vago rigor que el jefe del comisionado  ha puesto sobre la mesa durante la entrevista.<\/p>\n\n\n\n<blockquote class=\"wp-block-quote is-style-large\"><p>Lo que nos corresponde como sociedad civil organizada, a pesar del contexto, es estar alerta y denunciar cualquier indicio de violencia f\u00edsica y simb\u00f3lica contra los m\u00e1s desfavorecidos<\/p><\/blockquote>\n\n\n\n<p>Intentando descubrir cu\u00e1l es la relaci\u00f3n de Bret\u00f3n con el Pol\u00edgono Sur y cu\u00e1l es la situaci\u00f3n real del barrio, hablamos con Chino Moreno, pastor evang\u00e9lico y vecino del municipio. Seg\u00fan Moreno: \u201cEn primer lugar dicen que hay gente de la iglesia que sale en grupos, etc. Solo ha sido un grupo aislado. Nuestra iglesia evang\u00e9lica Filadelfia est\u00e1 cumpliendo con el estado de alarma, no estamos haciendo cultos ni dentro ni fuera de nuestros locales. Actualmente, en nuestra zona de Sevilla, no se est\u00e1 celebrando ning\u00fan culto. Han sido amonestados tanto por su pastor como por el responsable de la zona\u201d. A la pregunta sobre las declaraciones de Bret\u00f3n, responde: \u201cSobre el comisionado Jaime Bret\u00f3n y su intenci\u00f3n de mandar al ej\u00e9rcito al Pol\u00edgono Sur decirle que todos los vecinos estamos confinados en nuestros hogares. Para tristeza de muchos, algunas familias m\u00e1s desfavorecidas y vulnerables no tienen ni qu\u00e9 llevarse a la boca, ya que muchos de ellos viven de la chatarra y otros vivimos de la venta ambulante. Los chatarreros tienen prohibido salir a buscarse la vida, y a los vendedores ambulantes nos han quitado los mercadillos de toda Sevilla, incluidos los pueblos. Pero con todo esto y m\u00e1s, respetamos el estado de alarma, por nuestro bien y el bien de la ciudadan\u00eda\u2026 Por otra parte, lo de querer traer al ej\u00e9rcito al Pol\u00edgono Sur me parece una medida desproporcionada y fuera de lugar. Somos un barrio de gente humilde trabajadora, siempre con la excepci\u00f3n de algunos que viven a su manera. \u00a1No necesitamos al ej\u00e9rcito en el Pol\u00edgono Sur!\u201d<\/p>\n\n\n\n<h4>3.\u00a0Una cuesti\u00f3n de responsabilidad institucional<\/h4>\n\n\n\n<p>Por su parte, la concejala de Adelante Sevilla y activista Sandra \nHeredia ha dicho: \u201cLas declaraciones del comisionado Jaime Bret\u00f3n sobre \nel Pol\u00edgono Sur son totalmente desafortunadas, es un ataque racista y \nantigitano hacia un barrio que sufre, como siempre, las peores \nconsecuencias de cualquier crisis. Este se\u00f1or deber\u00eda preocuparse m\u00e1s \npor las necesidades de los vecinos y vecinas del barrio y dejar de \ndifundir mensajes de odio\u201d. Al margen de otras consideraciones, podemos \nobservar este caso como un claro ejemplo de retroalimentaci\u00f3n entre el \nracismo medi\u00e1tico y el racismo institucional. Los medios reaccionarios \nazuzan el odio, y los pol\u00edticos autoritarios responden en consecuencia, \ndando alas al racismo y animando a la violencia. No obstante, nos \nencontramos ante un caso grav\u00edsimo en el que pueden vulnerarse los \nderechos humanos de los vecinos y vecinas de Pol\u00edgono Sur. As\u00ed que, lo \nque nos corresponde como sociedad civil organizada, a pesar del \ncontexto, es estar alerta y denunciar cualquier indicio de violencia \nf\u00edsica y simb\u00f3lica contra los m\u00e1s desfavorecidos.<\/p>\n\n\n\n<p>Son muchos los activistas y profesionales conocedores de la realidad  vecinal del Pol\u00edgono Sur que estudian la posibilidad de una demanda  formal contundente y los que est\u00e1n exigiendo la dimisi\u00f3n de Jaime Bret\u00f3n, <a rel=\"noreferrer noopener\" href=\"https:\/\/m.facebook.com\/story.php?story_fbid=3038987426166128&amp;id=100001647023661\" target=\"_blank\">como la abogada S\u00e9fora Vargas<\/a>.  La opini\u00f3n de Chino Moreno es clara: \u201cFue obligado por el Partido  Popular a tomar un cargo que ning\u00fan pol\u00edtico quer\u00eda ocupar: la figura  del comisionado para el Pol\u00edgono Sur. Como pol\u00edtico responsable, este  se\u00f1or ostenta ese cargo para trabajar por la transformaci\u00f3n social del  Pol\u00edgono Sur, no est\u00e1 para fomentar el odio y el antigitanismo. Pero  viendo sus declaraciones, podemos observar que no conoce la realidad de  nuestro barrio\u201d. Nos toca enfrentar momentos de crisis y no debemos  mirar hacia otro lado frente a declaraciones semejantes. El estado de  alarma no puede convertirse en carta blanca a los racistas, ocupen el  cargo que ocupen.<\/p>\n\n\n\n<p>Autor: <a rel=\"noreferrer noopener\" aria-label=\"Rromani Pativ (se abre en una nueva pesta\u00f1a)\" href=\"http:\/\/rromanipativ.info\/\" target=\"_blank\">Rromani Pativ<\/a><\/p>\n\n\n\n<p>Fuente: <a rel=\"noreferrer noopener\" aria-label=\"CTXT (se abre en una nueva pesta\u00f1a)\" href=\"https:\/\/ctxt.es\/es\/20200302\/Firmas\/31473\/jaime-breton-poligono-sur-abc-de-sevilla-violencia-antigitana-rromani-pativ.htm?fbclid=IwAR2NbLz98TjJlHgLyEy2y-YKmD2ZU_cZ1dO5-bbmdyrTpXraKz3koiggWpE\" target=\"_blank\">CTXT<\/a><\/p>\n\n\n\n<p>Foto: <a href=\"https:\/\/commons.wikimedia.org\/wiki\/Main_Page\" target=\"_blank\" rel=\"noreferrer noopener\" aria-label=\"Urbis Polis \/ Wikimedia Commons (se abre en una nueva pesta\u00f1a)\">Urbis Polis \/ Wikimedia Commons<\/a><\/p>\n<span class=\"et_bloom_bottom_trigger\"><\/span>","protected":false},"excerpt":{"rendered":"<p>Los medios reaccionarios azuzan el odio, y los pol\u00edticos autoritarios responden en consecuencia. El estado de alarma no puede convertirse en carta blanca a los racistas, ocupen el cargo que ocupen 1.\u00a0Miseria medi\u00e1tica durante el confinamiento Estos d\u00edas de confinamiento, de tensi\u00f3n y preocupaci\u00f3n compartida estamos enfrentando dilemas de especial relevancia social para el conjunto [&hellip;]<\/p>\n","protected":false},"author":1,"featured_media":4138,"comment_status":"open","ping_status":"open","sticky":false,"template":"","format":"standard","meta":{"_et_pb_use_builder":"","_et_pb_old_content":"","_et_gb_content_width":"","_mi_skip_tracking":false,"_exactmetrics_sitenote_active":false,"_exactmetrics_sitenote_note":"","_exactmetrics_sitenote_category":0},"categories":[5,28],"tags":[],"yoast_head":"<!-- This site is optimized with the Yoast SEO plugin v18.5.1 - https:\/\/yoast.com\/wordpress\/plugins\/seo\/ -->\n<title>Llamando a la violencia antigitana en el Pol\u00edgono Sur de Sevilla - Plataforma Khetane<\/title>\n<meta name=\"robots\" content=\"index, follow, max-snippet:-1, max-image-preview:large, max-video-preview:-1\" \/>\n<link rel=\"canonical\" href=\"https:\/\/plataformakhetane.org\/index.php\/2020\/03\/23\/llamando-a-la-violencia-antigitana-en-el-poligono-sur-de-sevilla\/\" \/>\n<meta property=\"og:locale\" content=\"es_ES\" \/>\n<meta property=\"og:type\" content=\"article\" \/>\n<meta property=\"og:title\" content=\"Llamando a la violencia antigitana en el Pol\u00edgono Sur de Sevilla - Plataforma Khetane\" \/>\n<meta property=\"og:description\" content=\"Los medios reaccionarios azuzan el odio, y los pol\u00edticos autoritarios responden en consecuencia. El estado de alarma no puede convertirse en carta blanca a los racistas, ocupen el cargo que ocupen 1.\u00a0Miseria medi\u00e1tica durante el confinamiento Estos d\u00edas de confinamiento, de tensi\u00f3n y preocupaci\u00f3n compartida estamos enfrentando dilemas de especial relevancia social para el conjunto [&hellip;]\" \/>\n<meta property=\"og:url\" content=\"https:\/\/plataformakhetane.org\/index.php\/2020\/03\/23\/llamando-a-la-violencia-antigitana-en-el-poligono-sur-de-sevilla\/\" \/>\n<meta property=\"og:site_name\" content=\"Plataforma Khetane\" \/>\n<meta property=\"article:author\" content=\"https:\/\/www.facebook.com\/Plataforma-Khetane-1269848463031206\/\" \/>\n<meta property=\"article:published_time\" content=\"2020-03-23T18:54:00+00:00\" \/>\n<meta property=\"article:modified_time\" content=\"2020-03-24T19:04:09+00:00\" \/>\n<meta property=\"og:image\" content=\"https:\/\/plataformakhetane.org\/wp-content\/uploads\/2020\/03\/images-cms-image-000021967.jpg\" \/>\n\t<meta property=\"og:image:width\" content=\"800\" \/>\n\t<meta property=\"og:image:height\" content=\"533\" \/>\n\t<meta property=\"og:image:type\" content=\"image\/jpeg\" \/>\n<meta name=\"twitter:card\" content=\"summary\" \/>\n<meta name=\"twitter:creator\" content=\"@PlatafKhetane\" \/>\n<meta name=\"twitter:label1\" content=\"Escrito por\" \/>\n\t<meta name=\"twitter:data1\" content=\"Plataforma Khetane\" \/>\n\t<meta name=\"twitter:label2\" content=\"Tiempo de lectura\" \/>\n\t<meta name=\"twitter:data2\" content=\"9 minutos\" \/>\n<script type=\"application\/ld+json\" class=\"yoast-schema-graph\">{\"@context\":\"https:\/\/schema.org\",\"@graph\":[{\"@type\":\"WebSite\",\"@id\":\"https:\/\/plataformakhetane.org\/#website\",\"url\":\"https:\/\/plataformakhetane.org\/\",\"name\":\"Plataforma Khetane\",\"description\":\"Movimiento Asociativo Gitano del Estado Espa\u00f1ol\",\"potentialAction\":[{\"@type\":\"SearchAction\",\"target\":{\"@type\":\"EntryPoint\",\"urlTemplate\":\"https:\/\/plataformakhetane.org\/?s={search_term_string}\"},\"query-input\":\"required name=search_term_string\"}],\"inLanguage\":\"es\"},{\"@type\":\"ImageObject\",\"@id\":\"https:\/\/plataformakhetane.org\/index.php\/2020\/03\/23\/llamando-a-la-violencia-antigitana-en-el-poligono-sur-de-sevilla\/#primaryimage\",\"inLanguage\":\"es\",\"url\":\"https:\/\/plataformakhetane.org\/wp-content\/uploads\/2020\/03\/images-cms-image-000021967.jpg\",\"contentUrl\":\"https:\/\/plataformakhetane.org\/wp-content\/uploads\/2020\/03\/images-cms-image-000021967.jpg\",\"width\":800,\"height\":533},{\"@type\":\"WebPage\",\"@id\":\"https:\/\/plataformakhetane.org\/index.php\/2020\/03\/23\/llamando-a-la-violencia-antigitana-en-el-poligono-sur-de-sevilla\/#webpage\",\"url\":\"https:\/\/plataformakhetane.org\/index.php\/2020\/03\/23\/llamando-a-la-violencia-antigitana-en-el-poligono-sur-de-sevilla\/\",\"name\":\"Llamando a la violencia antigitana en el Pol\u00edgono Sur de Sevilla - Plataforma Khetane\",\"isPartOf\":{\"@id\":\"https:\/\/plataformakhetane.org\/#website\"},\"primaryImageOfPage\":{\"@id\":\"https:\/\/plataformakhetane.org\/index.php\/2020\/03\/23\/llamando-a-la-violencia-antigitana-en-el-poligono-sur-de-sevilla\/#primaryimage\"},\"datePublished\":\"2020-03-23T18:54:00+00:00\",\"dateModified\":\"2020-03-24T19:04:09+00:00\",\"author\":{\"@id\":\"https:\/\/plataformakhetane.org\/#\/schema\/person\/5bdfe07dfdc3db09fbf99f771e0c9017\"},\"breadcrumb\":{\"@id\":\"https:\/\/plataformakhetane.org\/index.php\/2020\/03\/23\/llamando-a-la-violencia-antigitana-en-el-poligono-sur-de-sevilla\/#breadcrumb\"},\"inLanguage\":\"es\",\"potentialAction\":[{\"@type\":\"ReadAction\",\"target\":[\"https:\/\/plataformakhetane.org\/index.php\/2020\/03\/23\/llamando-a-la-violencia-antigitana-en-el-poligono-sur-de-sevilla\/\"]}]},{\"@type\":\"BreadcrumbList\",\"@id\":\"https:\/\/plataformakhetane.org\/index.php\/2020\/03\/23\/llamando-a-la-violencia-antigitana-en-el-poligono-sur-de-sevilla\/#breadcrumb\",\"itemListElement\":[{\"@type\":\"ListItem\",\"position\":1,\"name\":\"Portada\",\"item\":\"https:\/\/plataformakhetane.org\/\"},{\"@type\":\"ListItem\",\"position\":2,\"name\":\"Llamando a la violencia antigitana en el Pol\u00edgono Sur de Sevilla\"}]},{\"@type\":\"Person\",\"@id\":\"https:\/\/plataformakhetane.org\/#\/schema\/person\/5bdfe07dfdc3db09fbf99f771e0c9017\",\"name\":\"Plataforma Khetane\",\"image\":{\"@type\":\"ImageObject\",\"@id\":\"https:\/\/plataformakhetane.org\/#personlogo\",\"inLanguage\":\"es\",\"url\":\"https:\/\/secure.gravatar.com\/avatar\/f76b19d860d0d844afbb6c94250ad7e2?s=96&d=mm&r=g\",\"contentUrl\":\"https:\/\/secure.gravatar.com\/avatar\/f76b19d860d0d844afbb6c94250ad7e2?s=96&d=mm&r=g\",\"caption\":\"Plataforma Khetane\"},\"sameAs\":[\"https:\/\/www.plataformakhetane.com\",\"https:\/\/www.facebook.com\/Plataforma-Khetane-1269848463031206\/\",\"https:\/\/www.instagram.com\/plataformakhetane\/\",\"https:\/\/twitter.com\/PlatafKhetane\",\"https:\/\/www.youtube.com\/channel\/UCpCq173gSHV2_e9fwbqtTwA\"],\"url\":\"https:\/\/plataformakhetane.org\/index.php\/author\/gitano1_webkhetane\/\"}]}<\/script>\n<!-- \/ Yoast SEO plugin. -->","yoast_head_json":{"title":"Llamando a la violencia antigitana en el Pol\u00edgono Sur de Sevilla - Plataforma Khetane","robots":{"index":"index","follow":"follow","max-snippet":"max-snippet:-1","max-image-preview":"max-image-preview:large","max-video-preview":"max-video-preview:-1"},"canonical":"https:\/\/plataformakhetane.org\/index.php\/2020\/03\/23\/llamando-a-la-violencia-antigitana-en-el-poligono-sur-de-sevilla\/","og_locale":"es_ES","og_type":"article","og_title":"Llamando a la violencia antigitana en el Pol\u00edgono Sur de Sevilla - Plataforma Khetane","og_description":"Los medios reaccionarios azuzan el odio, y los pol\u00edticos autoritarios responden en consecuencia. El estado de alarma no puede convertirse en carta blanca a los racistas, ocupen el cargo que ocupen 1.\u00a0Miseria medi\u00e1tica durante el confinamiento Estos d\u00edas de confinamiento, de tensi\u00f3n y preocupaci\u00f3n compartida estamos enfrentando dilemas de especial relevancia social para el conjunto [&hellip;]","og_url":"https:\/\/plataformakhetane.org\/index.php\/2020\/03\/23\/llamando-a-la-violencia-antigitana-en-el-poligono-sur-de-sevilla\/","og_site_name":"Plataforma Khetane","article_author":"https:\/\/www.facebook.com\/Plataforma-Khetane-1269848463031206\/","article_published_time":"2020-03-23T18:54:00+00:00","article_modified_time":"2020-03-24T19:04:09+00:00","og_image":[{"width":800,"height":533,"url":"https:\/\/plataformakhetane.org\/wp-content\/uploads\/2020\/03\/images-cms-image-000021967.jpg","type":"image\/jpeg"}],"twitter_card":"summary","twitter_creator":"@PlatafKhetane","twitter_misc":{"Escrito por":"Plataforma Khetane","Tiempo de lectura":"9 minutos"},"schema":{"@context":"https:\/\/schema.org","@graph":[{"@type":"WebSite","@id":"https:\/\/plataformakhetane.org\/#website","url":"https:\/\/plataformakhetane.org\/","name":"Plataforma Khetane","description":"Movimiento Asociativo Gitano del Estado Espa\u00f1ol","potentialAction":[{"@type":"SearchAction","target":{"@type":"EntryPoint","urlTemplate":"https:\/\/plataformakhetane.org\/?s={search_term_string}"},"query-input":"required name=search_term_string"}],"inLanguage":"es"},{"@type":"ImageObject","@id":"https:\/\/plataformakhetane.org\/index.php\/2020\/03\/23\/llamando-a-la-violencia-antigitana-en-el-poligono-sur-de-sevilla\/#primaryimage","inLanguage":"es","url":"https:\/\/plataformakhetane.org\/wp-content\/uploads\/2020\/03\/images-cms-image-000021967.jpg","contentUrl":"https:\/\/plataformakhetane.org\/wp-content\/uploads\/2020\/03\/images-cms-image-000021967.jpg","width":800,"height":533},{"@type":"WebPage","@id":"https:\/\/plataformakhetane.org\/index.php\/2020\/03\/23\/llamando-a-la-violencia-antigitana-en-el-poligono-sur-de-sevilla\/#webpage","url":"https:\/\/plataformakhetane.org\/index.php\/2020\/03\/23\/llamando-a-la-violencia-antigitana-en-el-poligono-sur-de-sevilla\/","name":"Llamando a la violencia antigitana en el Pol\u00edgono Sur de Sevilla - Plataforma Khetane","isPartOf":{"@id":"https:\/\/plataformakhetane.org\/#website"},"primaryImageOfPage":{"@id":"https:\/\/plataformakhetane.org\/index.php\/2020\/03\/23\/llamando-a-la-violencia-antigitana-en-el-poligono-sur-de-sevilla\/#primaryimage"},"datePublished":"2020-03-23T18:54:00+00:00","dateModified":"2020-03-24T19:04:09+00:00","author":{"@id":"https:\/\/plataformakhetane.org\/#\/schema\/person\/5bdfe07dfdc3db09fbf99f771e0c9017"},"breadcrumb":{"@id":"https:\/\/plataformakhetane.org\/index.php\/2020\/03\/23\/llamando-a-la-violencia-antigitana-en-el-poligono-sur-de-sevilla\/#breadcrumb"},"inLanguage":"es","potentialAction":[{"@type":"ReadAction","target":["https:\/\/plataformakhetane.org\/index.php\/2020\/03\/23\/llamando-a-la-violencia-antigitana-en-el-poligono-sur-de-sevilla\/"]}]},{"@type":"BreadcrumbList","@id":"https:\/\/plataformakhetane.org\/index.php\/2020\/03\/23\/llamando-a-la-violencia-antigitana-en-el-poligono-sur-de-sevilla\/#breadcrumb","itemListElement":[{"@type":"ListItem","position":1,"name":"Portada","item":"https:\/\/plataformakhetane.org\/"},{"@type":"ListItem","position":2,"name":"Llamando a la violencia antigitana en el Pol\u00edgono Sur de Sevilla"}]},{"@type":"Person","@id":"https:\/\/plataformakhetane.org\/#\/schema\/person\/5bdfe07dfdc3db09fbf99f771e0c9017","name":"Plataforma Khetane","image":{"@type":"ImageObject","@id":"https:\/\/plataformakhetane.org\/#personlogo","inLanguage":"es","url":"https:\/\/secure.gravatar.com\/avatar\/f76b19d860d0d844afbb6c94250ad7e2?s=96&d=mm&r=g","contentUrl":"https:\/\/secure.gravatar.com\/avatar\/f76b19d860d0d844afbb6c94250ad7e2?s=96&d=mm&r=g","caption":"Plataforma Khetane"},"sameAs":["https:\/\/www.plataformakhetane.com","https:\/\/www.facebook.com\/Plataforma-Khetane-1269848463031206\/","https:\/\/www.instagram.com\/plataformakhetane\/","https:\/\/twitter.com\/PlatafKhetane","https:\/\/www.youtube.com\/channel\/UCpCq173gSHV2_e9fwbqtTwA"],"url":"https:\/\/plataformakhetane.org\/index.php\/author\/gitano1_webkhetane\/"}]}},"_links":{"self":[{"href":"https:\/\/plataformakhetane.org\/index.php\/wp-json\/wp\/v2\/posts\/4137"}],"collection":[{"href":"https:\/\/plataformakhetane.org\/index.php\/wp-json\/wp\/v2\/posts"}],"about":[{"href":"https:\/\/plataformakhetane.org\/index.php\/wp-json\/wp\/v2\/types\/post"}],"author":[{"embeddable":true,"href":"https:\/\/plataformakhetane.org\/index.php\/wp-json\/wp\/v2\/users\/1"}],"replies":[{"embeddable":true,"href":"https:\/\/plataformakhetane.org\/index.php\/wp-json\/wp\/v2\/comments?post=4137"}],"version-history":[{"count":1,"href":"https:\/\/plataformakhetane.org\/index.php\/wp-json\/wp\/v2\/posts\/4137\/revisions"}],"predecessor-version":[{"id":4139,"href":"https:\/\/plataformakhetane.org\/index.php\/wp-json\/wp\/v2\/posts\/4137\/revisions\/4139"}],"wp:featuredmedia":[{"embeddable":true,"href":"https:\/\/plataformakhetane.org\/index.php\/wp-json\/wp\/v2\/media\/4138"}],"wp:attachment":[{"href":"https:\/\/plataformakhetane.org\/index.php\/wp-json\/wp\/v2\/media?parent=4137"}],"wp:term":[{"taxonomy":"category","embeddable":true,"href":"https:\/\/plataformakhetane.org\/index.php\/wp-json\/wp\/v2\/categories?post=4137"},{"taxonomy":"post_tag","embeddable":true,"href":"https:\/\/plataformakhetane.org\/index.php\/wp-json\/wp\/v2\/tags?post=4137"}],"curies":[{"name":"wp","href":"https:\/\/api.w.org\/{rel}","templated":true}]}}