{"id":4028,"date":"2020-03-16T14:20:18","date_gmt":"2020-03-16T13:20:18","guid":{"rendered":"http:\/\/plataformakhetane.org\/?p=4028"},"modified":"2020-03-16T14:20:21","modified_gmt":"2020-03-16T13:20:21","slug":"el-coronavirus-no-es-excusa-para-contagiar-racismo","status":"publish","type":"post","link":"https:\/\/plataformakhetane.org\/index.php\/2020\/03\/16\/el-coronavirus-no-es-excusa-para-contagiar-racismo\/","title":{"rendered":"El coronavirus no es excusa para contagiar racismo"},"content":{"rendered":"\n<h3>Estamos viendo que el  coronavirus no entiende de razas, clases sociales o g\u00e9neros, pero hay  quienes se empe\u00f1an en dejar de lado la solidaridad y cooperaci\u00f3n para  contagiarnos de su racismo contra los de siempre<\/h3>\n\n\n\n<p>Espa\u00f1a se enfrenta a una situaci\u00f3n sin precedentes en la \nhistoria reciente del pa\u00eds. El Gobierno ha decretado el estado de alarma\n en todo el pa\u00eds para hacer frente al COVID-19, un virus frente al que \nno hay respuesta.&nbsp;<a href=\"https:\/\/www.eldiario.es\/sociedad\/VIDEO-Recomendaciones-sanitarias-frenar-coronavirus_0_1005449501.html\" target=\"_blank\" rel=\"noreferrer noopener\">Sanidad nos recomienda encarecidamente<\/a>\n quedarnos en casa, no hacer viajes si no es estrictamente necesario, \nlavarnos las manos mucho y estornudar y toser en el antebrazo. Toda \nprecauci\u00f3n es poca ante una pandemia que debemos tomarnos en serio.<\/p>\n\n\n\n<p>Pero  en esta \u00e9poca la que la solidaridad y la cooperaci\u00f3n deber\u00edan estar por  encima de todo, vemos que hay hueco para un virus que lleva infectando  nuestras sociedades desde tiempos inmemoriales y que con el COVID-19 ha  encontrado una mutaci\u00f3n desde la que atacar con fuerza: el racismo.<\/p>\n\n\n\n<p>Cuando se inici\u00f3 el brote en Wuhan all\u00e1 por diciembre sus\n efectos llegaron a la poblaci\u00f3n asi\u00e1tica en Espa\u00f1a. No los de \nenfermedad y s\u00ed a trav\u00e9s de actos racistas que se\u00f1alaban abiertamente a \nesta comunidad como portadores del COVID-19. Como si se propagara no \ncomo nos dice la ciencia que se propagan las enfermedades, sino brotando\n milagrosamente en los cuerpos de quienes comparten un mismo origen, \npiel y rasgos, independientemente del pa\u00eds en el que vivan. Me har\u00eda \ngracia si no&nbsp;fuera por los efectos reales que tiene en mucha gente.<\/p>\n\n\n\n<p><a href=\"https:\/\/www.eldiario.es\/desalambre\/Personas-denuncian-actitudes-coronavirus-NoSoyUnVirus_0_991800897.html\" target=\"_blank\" rel=\"noreferrer noopener\">No han sido pocas las personas y colectivos de origen asi\u00e1tico que se han organizado frente a ello<\/a>.\n Como el artista Putochinomaric\u00f3n y su desfile en la Madrid Fashion Week\n con el &#8216;No soy un virus&#8217; pintado en el cuerpo, un lema que muchos \nhicieron suyo en todo el mundo y que me hace pensar en toda la energ\u00eda \nque perdemos defendi\u00e9ndonos con obviedades, en vez de ampliando nuestros\n derechos.<\/p>\n\n\n\n<p>Aun as\u00ed el mensaje no cala. El actor \nSantiago Segura escrib\u00eda, como siempre se dice en estos casos &#8216;en clave \nde humor&#8217;, el siguiente mensaje: \u00abTweet de desahogo. Me cago en el puto \nchino que se comi\u00f3 un pangol\u00edn semicrudo y una sopa de murci\u00e9lago de \nentrante\u00bb. De nada sirvi\u00f3 que un an\u00e1lisis gen\u00e9tico cuyas conclusiones&nbsp;<a href=\"https:\/\/www.nature.com\/articles\/d41586-020-00548-w\" target=\"_blank\" rel=\"noreferrer noopener\">public\u00f3 la revista Nature<\/a> dijera que el coronavirus no pas\u00f3 de los murci\u00e9lagos a las personas a trav\u00e9s del pangol\u00edn.<\/p>\n\n\n\n<p>Pero\n el premio coronavirus a la &#8216;racistada&#8217; se la lleva un sospechoso \nhabitual, Javier Ortega Smith. Para el dirigente todo tiene que ver con \nnacionalidades y en cualquier \u00e1mbito lo espa\u00f1ol es lo mejor, lo m\u00e1s \nr\u00e1pido, lo m\u00e1s alto y lo m\u00e1s fuerte. \u00abMis anticuerpos espa\u00f1oles luchan \ncontra los malditos virus chinos hasta derrotarlos\u00bb, escrib\u00eda en Twitter\n tras su positivo. Lo que fuera con tal de convertir esto en otro \nalegato racista y no agradecer al sistema sanitario. <a href=\"https:\/\/www.eldiario.es\/rastreador\/Embajada-China-Ortega-Smith-expresion_6_1005859414.html\" target=\"_blank\" rel=\"noreferrer noopener\">Le puso de vuelta y media la embajada de China en Espa\u00f1a con el siguiente mensaje<\/a>.&nbsp;<\/p>\n\n\n\n<p>A\n las pocas horas Ortega Smith borr\u00f3 el tuit. Pero quien piense que este \ntipo de mensajes no tienen repercusiones se equivocan. El estigma \ncomienza con los mensajes que se difunden y terminan con los energ\u00famenos\n que se toman la justicia por su mano. Le ocurri\u00f3 a Thomas Siu, un joven\n estadounidense de ascendencia china que <a href=\"https:\/\/www.eldiario.es\/desalambre\/Agresion-racista-Madrid-estadounidense-atacado_0_1004399676.html\" target=\"_blank\" rel=\"noreferrer noopener\">volv\u00eda a casa en Madrid cuando dos hombres le propinaron una dura paliza<\/a>. Se despert\u00f3 a los dos d\u00edas en el hospital y solo recuerda que le dijeron algo relacionado con el coronavirus.<\/p>\n\n\n\n<p>Los\n contagios por racismo no han parado y, si el COVID-19 no entiende de \nrazas, clases sociales, g\u00e9neros o colores favoritos, vemos que el \nracismo derivado de esta pandemia, s\u00ed. A la poblaci\u00f3n gitana siempre se \nla ha se\u00f1alado como foco de enfermedades y falta de higiene. En esta \nocasi\u00f3n no iba a ser menos, como siempre mencionando las consecuencias y\n pocas veces las causas, en las que todos los caminos llevan a la \nsistem\u00e1tica exclusi\u00f3n del Pueblo Gitano en Espa\u00f1a.<\/p>\n\n\n\n<p>En \nHaro, el COVID-19 entr\u00f3 de lleno. Seg\u00fan este mapa que calcula la \nprobabilidad de contagio con una f\u00f3rmula matem\u00e1tica, alrededor del \n0,604% de su poblaci\u00f3n estar\u00eda infectado a 14 de marzo. Si lo comparamos\n con Madrid y Vitoria, dos de los mayores focos, vemos lo que supone: en\n la capital marca un 0,037% y en la ciudad vasca es del 0,188%. Ante \nesta emergencia sanitaria algunos, en vez de arrimar el hombro por toda \nla sociedad, se dedicaron a difundir mentiras acerca de la poblaci\u00f3n \ngitana del pueblo. En audios de Whatsapp que se viralizaron vomitaron \nque todos los gitanos estaban infectados y que no segu\u00edan las \nrecomendaciones sanitarias. Unos d\u00edas despu\u00e9s&nbsp;<a href=\"https:\/\/harodigital.com\/noticias-de-haro\/quiero-pedir-disculpas-mil-perdones-a-toda-la-comunidad-gitana-porque-yo-racista-no-soy\/\" target=\"_blank\" rel=\"noreferrer noopener\">los autores tuvieron que salir a pedir disculpas<\/a> por su irresponsabilidad, pero el da\u00f1o ya estaba hecho y <a href=\"http:\/\/plataformakhetane.org\/index.php\/2020\/03\/10\/comunicado-de-prensa-ante-el-antigitanismo-informativo-relacionado-con-la-epidemia-del-coronavirus-covid-19\/\" target=\"_blank\" rel=\"noreferrer noopener\">la estigmatizaci\u00f3n al Pueblo Gitano sigui\u00f3 su curso<\/a>.<\/p>\n\n\n\n<p>Impulsado\n por diferentes motivos, el racismo acaba impactando en las misma \nv\u00edctimas de siempre, en este caso asi\u00e1ticos y gitanos. Apenas vemos nada\n sobre los italianos, ni \u00abchistes\u00bb de Santiago Segura ni anticuerpos \nespa\u00f1oles en batallas \u00e9picas contra el maldito virus italiano, pese a \nuna de las v\u00edas m\u00e1s claras de llegada del virus haya sido desde Italia. \nSolo el caso de un colegio italiano de Barcelona al que negaron la \nentrada en una piscina para sus clases de nataci\u00f3n.&nbsp;<a href=\"https:\/\/www.eldiario.es\/catalunya\/italianos-Barcelona-alarmismo-coronavirus-tratado_0_1000200119.html\" target=\"_blank\" rel=\"noreferrer noopener\">En un reportaje reciente en este medio<\/a>,\n Rolando d\u2019Alessandro, italiano que lleva 35 a\u00f1os afincado en Barcelona,\n dec\u00eda que a \u00e9l nadie le hab\u00eda tratado diferente por ser italiano a ra\u00edz\n del brote de coronavirus. \u00abComo s\u00ed les ha pasado a algunos asi\u00e1ticos\u00bb, \na\u00f1ad\u00eda.<\/p>\n\n\n\n<p>Antes que a los italianos hemos visto como \nmiembros de la extrema derecha prefer\u00edan culpar de la propagaci\u00f3n del \nvirus a la inmigraci\u00f3n africana, utilizando un v\u00eddeo grabado en Costa de\n Marfil que hac\u00edan pasar por im\u00e1genes de Espa\u00f1a o Italia. Desde \u00c1frica, \ncuando el continente tiene un n\u00famero muy bajo respecto a Asia o Europa.<\/p>\n\n\n\n<p>En los \u00faltimos d\u00edas hemos visto muestras de solidaridad de asi\u00e1ticos y gitanos. Los primeros <a href=\"https:\/\/twitter.com\/Sup_Policia\/status\/1238861232569974785?ref_src=twsrc%5Etfw%7Ctwcamp%5Etweetembed%7Ctwterm%5E1238861232569974785&amp;ref_url=https%3A%2F%2Fwww.elconfidencial.com%2Fespana%2F2020-03-15%2Fchinos-policia-coronavirus-mascarillas-guantes_2498615%2F\" target=\"_blank\" rel=\"noreferrer noopener\">repartiendo mascarillas <\/a>y los segundos <a href=\"https:\/\/twitter.com\/Tere_Palomo\/status\/1238452640465420288\" target=\"_blank\" rel=\"noreferrer noopener\">repartiendo comida para quienes m\u00e1s lo puedan necesitar<\/a>,\n sin dejar a nadie atr\u00e1s. La l\u00e1stima es que muchos solo valoren&nbsp;la \nhumanidad de estas comunidades&nbsp;cuando hacen acciones positivas y \nextraordinarias, mientras en la normalidad son estereotipos andantes.<\/p>\n\n\n\n<p>Es\n el momento de las soluciones.&nbsp;El coronavirus no entiende de razas, \nclases sociales o g\u00e9neros, tampoco de profesiones. Pero sus \nconsecuencias, s\u00ed. Lo reclaman las trabajadoras del hogar, que suelen \ncuidar a mayores y ni\u00f1os, y que no tienen directrices para actuar en \ntiempos de coronavirus. <a href=\"https:\/\/twitter.com\/sedoac\/status\/1238450646883409920\" target=\"_blank\" rel=\"noreferrer noopener\">En la asociaci\u00f3n Sedoac han elaborado una serie de consejos<\/a>. Hay quienes<a href=\"https:\/\/twitter.com\/Andres_gberrio\/status\/1238416546562740224\" target=\"_blank\" rel=\"noreferrer noopener\"> apuntan directamente a los Centro de Internamiento de Extranjeros (CIE) para que tomen medidas<\/a> de cara al virus.&nbsp;<\/p>\n\n\n\n<p>Hace poco se ha creado&nbsp;<a href=\"https:\/\/sites.google.com\/view\/emergenciacontraelracismo\" target=\"_blank\" rel=\"noreferrer noopener\">un Comit\u00e9 de Emergencia contra el Racismo<\/a>\n que engloba a activistas y m\u00e1s de 100 colectivos que buscan informar \nsobre los recursos disponibles y proponer medidas que garanticen que las\n condiciones materiales y derechos de migrantes y comunidades asi\u00e1ticas,\n gitanas, negras&#8230;&nbsp;<\/p>\n\n\n\n<p>En estos tiempos de solidaridad y  reconocimiento al trabajo de personal sanitario, cajeras de  supermercado, reponedores y todo tipo de empleos muchas veces precarios  que ahora se vuelven imprescindibles, no olvidemos actuar tambi\u00e9n por  los grupos que nos enfrentamos al coronavirus\u00a0ante quienes aprovechan  esta circunstancia excepcional para, una vez m\u00e1s, tratar de contagiarnos  su racismo.<\/p>\n\n\n\n<p>Autor del art\u00edculo: <a rel=\"noreferrer noopener\" aria-label=\"Moha Gerehou (se abre en una nueva pesta\u00f1a)\" href=\"https:\/\/www.eldiario.es\/autores\/moha_gerehou\/\" target=\"_blank\">Moha Gerehou<\/a><\/p>\n\n\n\n<p>Fuente: <a href=\"https:\/\/www.eldiario.es\/zonacritica\/coronavirus-excusa-contagiar-racismo_6_1006209380.html\" target=\"_blank\" rel=\"noreferrer noopener\" aria-label=\"eldiario.es (se abre en una nueva pesta\u00f1a)\">eldiario.es<\/a><\/p>\n<span class=\"et_bloom_bottom_trigger\"><\/span>","protected":false},"excerpt":{"rendered":"<p>Estamos viendo que el coronavirus no entiende de razas, clases sociales o g\u00e9neros, pero hay quienes se empe\u00f1an en dejar de lado la solidaridad y cooperaci\u00f3n para contagiarnos de su racismo contra los de siempre Espa\u00f1a se enfrenta a una situaci\u00f3n sin precedentes en la historia reciente del pa\u00eds. El Gobierno ha decretado el estado [&hellip;]<\/p>\n","protected":false},"author":1,"featured_media":4029,"comment_status":"open","ping_status":"open","sticky":false,"template":"","format":"standard","meta":{"_et_pb_use_builder":"","_et_pb_old_content":"","_et_gb_content_width":"","_mi_skip_tracking":false,"_exactmetrics_sitenote_active":false,"_exactmetrics_sitenote_note":"","_exactmetrics_sitenote_category":0},"categories":[65],"tags":[],"yoast_head":"<!-- This site is optimized with the Yoast SEO plugin v18.5.1 - https:\/\/yoast.com\/wordpress\/plugins\/seo\/ -->\n<title>El coronavirus no es excusa para contagiar racismo - Plataforma Khetane<\/title>\n<meta name=\"robots\" content=\"index, follow, max-snippet:-1, max-image-preview:large, max-video-preview:-1\" \/>\n<link rel=\"canonical\" href=\"https:\/\/plataformakhetane.org\/index.php\/2020\/03\/16\/el-coronavirus-no-es-excusa-para-contagiar-racismo\/\" \/>\n<meta property=\"og:locale\" content=\"es_ES\" \/>\n<meta property=\"og:type\" content=\"article\" \/>\n<meta property=\"og:title\" content=\"El coronavirus no es excusa para contagiar racismo - Plataforma Khetane\" \/>\n<meta property=\"og:description\" content=\"Estamos viendo que el coronavirus no entiende de razas, clases sociales o g\u00e9neros, pero hay quienes se empe\u00f1an en dejar de lado la solidaridad y cooperaci\u00f3n para contagiarnos de su racismo contra los de siempre Espa\u00f1a se enfrenta a una situaci\u00f3n sin precedentes en la historia reciente del pa\u00eds. El Gobierno ha decretado el estado [&hellip;]\" \/>\n<meta property=\"og:url\" content=\"https:\/\/plataformakhetane.org\/index.php\/2020\/03\/16\/el-coronavirus-no-es-excusa-para-contagiar-racismo\/\" \/>\n<meta property=\"og:site_name\" content=\"Plataforma Khetane\" \/>\n<meta property=\"article:author\" content=\"https:\/\/www.facebook.com\/Plataforma-Khetane-1269848463031206\/\" \/>\n<meta property=\"article:published_time\" content=\"2020-03-16T13:20:18+00:00\" \/>\n<meta property=\"article:modified_time\" content=\"2020-03-16T13:20:21+00:00\" \/>\n<meta property=\"og:image\" content=\"https:\/\/plataformakhetane.org\/wp-content\/uploads\/2020\/03\/Campana-NoSoyUnVirus-Espana_EDIIMA20200203_0137_19.jpg\" \/>\n\t<meta property=\"og:image:width\" content=\"643\" \/>\n\t<meta property=\"og:image:height\" content=\"362\" \/>\n\t<meta property=\"og:image:type\" content=\"image\/jpeg\" \/>\n<meta name=\"twitter:card\" content=\"summary\" \/>\n<meta name=\"twitter:creator\" content=\"@PlatafKhetane\" \/>\n<meta name=\"twitter:label1\" content=\"Escrito por\" \/>\n\t<meta name=\"twitter:data1\" content=\"Plataforma Khetane\" \/>\n\t<meta name=\"twitter:label2\" content=\"Tiempo de lectura\" \/>\n\t<meta name=\"twitter:data2\" content=\"7 minutos\" \/>\n<script type=\"application\/ld+json\" class=\"yoast-schema-graph\">{\"@context\":\"https:\/\/schema.org\",\"@graph\":[{\"@type\":\"WebSite\",\"@id\":\"https:\/\/plataformakhetane.org\/#website\",\"url\":\"https:\/\/plataformakhetane.org\/\",\"name\":\"Plataforma Khetane\",\"description\":\"Movimiento Asociativo Gitano del Estado Espa\u00f1ol\",\"potentialAction\":[{\"@type\":\"SearchAction\",\"target\":{\"@type\":\"EntryPoint\",\"urlTemplate\":\"https:\/\/plataformakhetane.org\/?s={search_term_string}\"},\"query-input\":\"required name=search_term_string\"}],\"inLanguage\":\"es\"},{\"@type\":\"ImageObject\",\"@id\":\"https:\/\/plataformakhetane.org\/index.php\/2020\/03\/16\/el-coronavirus-no-es-excusa-para-contagiar-racismo\/#primaryimage\",\"inLanguage\":\"es\",\"url\":\"https:\/\/plataformakhetane.org\/wp-content\/uploads\/2020\/03\/Campana-NoSoyUnVirus-Espana_EDIIMA20200203_0137_19.jpg\",\"contentUrl\":\"https:\/\/plataformakhetane.org\/wp-content\/uploads\/2020\/03\/Campana-NoSoyUnVirus-Espana_EDIIMA20200203_0137_19.jpg\",\"width\":643,\"height\":362},{\"@type\":\"WebPage\",\"@id\":\"https:\/\/plataformakhetane.org\/index.php\/2020\/03\/16\/el-coronavirus-no-es-excusa-para-contagiar-racismo\/#webpage\",\"url\":\"https:\/\/plataformakhetane.org\/index.php\/2020\/03\/16\/el-coronavirus-no-es-excusa-para-contagiar-racismo\/\",\"name\":\"El coronavirus no es excusa para contagiar racismo - Plataforma Khetane\",\"isPartOf\":{\"@id\":\"https:\/\/plataformakhetane.org\/#website\"},\"primaryImageOfPage\":{\"@id\":\"https:\/\/plataformakhetane.org\/index.php\/2020\/03\/16\/el-coronavirus-no-es-excusa-para-contagiar-racismo\/#primaryimage\"},\"datePublished\":\"2020-03-16T13:20:18+00:00\",\"dateModified\":\"2020-03-16T13:20:21+00:00\",\"author\":{\"@id\":\"https:\/\/plataformakhetane.org\/#\/schema\/person\/5bdfe07dfdc3db09fbf99f771e0c9017\"},\"breadcrumb\":{\"@id\":\"https:\/\/plataformakhetane.org\/index.php\/2020\/03\/16\/el-coronavirus-no-es-excusa-para-contagiar-racismo\/#breadcrumb\"},\"inLanguage\":\"es\",\"potentialAction\":[{\"@type\":\"ReadAction\",\"target\":[\"https:\/\/plataformakhetane.org\/index.php\/2020\/03\/16\/el-coronavirus-no-es-excusa-para-contagiar-racismo\/\"]}]},{\"@type\":\"BreadcrumbList\",\"@id\":\"https:\/\/plataformakhetane.org\/index.php\/2020\/03\/16\/el-coronavirus-no-es-excusa-para-contagiar-racismo\/#breadcrumb\",\"itemListElement\":[{\"@type\":\"ListItem\",\"position\":1,\"name\":\"Portada\",\"item\":\"https:\/\/plataformakhetane.org\/\"},{\"@type\":\"ListItem\",\"position\":2,\"name\":\"El coronavirus no es excusa para contagiar racismo\"}]},{\"@type\":\"Person\",\"@id\":\"https:\/\/plataformakhetane.org\/#\/schema\/person\/5bdfe07dfdc3db09fbf99f771e0c9017\",\"name\":\"Plataforma Khetane\",\"image\":{\"@type\":\"ImageObject\",\"@id\":\"https:\/\/plataformakhetane.org\/#personlogo\",\"inLanguage\":\"es\",\"url\":\"https:\/\/secure.gravatar.com\/avatar\/f76b19d860d0d844afbb6c94250ad7e2?s=96&d=mm&r=g\",\"contentUrl\":\"https:\/\/secure.gravatar.com\/avatar\/f76b19d860d0d844afbb6c94250ad7e2?s=96&d=mm&r=g\",\"caption\":\"Plataforma Khetane\"},\"sameAs\":[\"https:\/\/www.plataformakhetane.com\",\"https:\/\/www.facebook.com\/Plataforma-Khetane-1269848463031206\/\",\"https:\/\/www.instagram.com\/plataformakhetane\/\",\"https:\/\/twitter.com\/PlatafKhetane\",\"https:\/\/www.youtube.com\/channel\/UCpCq173gSHV2_e9fwbqtTwA\"],\"url\":\"https:\/\/plataformakhetane.org\/index.php\/author\/gitano1_webkhetane\/\"}]}<\/script>\n<!-- \/ Yoast SEO plugin. -->","yoast_head_json":{"title":"El coronavirus no es excusa para contagiar racismo - Plataforma Khetane","robots":{"index":"index","follow":"follow","max-snippet":"max-snippet:-1","max-image-preview":"max-image-preview:large","max-video-preview":"max-video-preview:-1"},"canonical":"https:\/\/plataformakhetane.org\/index.php\/2020\/03\/16\/el-coronavirus-no-es-excusa-para-contagiar-racismo\/","og_locale":"es_ES","og_type":"article","og_title":"El coronavirus no es excusa para contagiar racismo - Plataforma Khetane","og_description":"Estamos viendo que el coronavirus no entiende de razas, clases sociales o g\u00e9neros, pero hay quienes se empe\u00f1an en dejar de lado la solidaridad y cooperaci\u00f3n para contagiarnos de su racismo contra los de siempre Espa\u00f1a se enfrenta a una situaci\u00f3n sin precedentes en la historia reciente del pa\u00eds. El Gobierno ha decretado el estado [&hellip;]","og_url":"https:\/\/plataformakhetane.org\/index.php\/2020\/03\/16\/el-coronavirus-no-es-excusa-para-contagiar-racismo\/","og_site_name":"Plataforma Khetane","article_author":"https:\/\/www.facebook.com\/Plataforma-Khetane-1269848463031206\/","article_published_time":"2020-03-16T13:20:18+00:00","article_modified_time":"2020-03-16T13:20:21+00:00","og_image":[{"width":643,"height":362,"url":"https:\/\/plataformakhetane.org\/wp-content\/uploads\/2020\/03\/Campana-NoSoyUnVirus-Espana_EDIIMA20200203_0137_19.jpg","type":"image\/jpeg"}],"twitter_card":"summary","twitter_creator":"@PlatafKhetane","twitter_misc":{"Escrito por":"Plataforma Khetane","Tiempo de lectura":"7 minutos"},"schema":{"@context":"https:\/\/schema.org","@graph":[{"@type":"WebSite","@id":"https:\/\/plataformakhetane.org\/#website","url":"https:\/\/plataformakhetane.org\/","name":"Plataforma Khetane","description":"Movimiento Asociativo Gitano del Estado Espa\u00f1ol","potentialAction":[{"@type":"SearchAction","target":{"@type":"EntryPoint","urlTemplate":"https:\/\/plataformakhetane.org\/?s={search_term_string}"},"query-input":"required name=search_term_string"}],"inLanguage":"es"},{"@type":"ImageObject","@id":"https:\/\/plataformakhetane.org\/index.php\/2020\/03\/16\/el-coronavirus-no-es-excusa-para-contagiar-racismo\/#primaryimage","inLanguage":"es","url":"https:\/\/plataformakhetane.org\/wp-content\/uploads\/2020\/03\/Campana-NoSoyUnVirus-Espana_EDIIMA20200203_0137_19.jpg","contentUrl":"https:\/\/plataformakhetane.org\/wp-content\/uploads\/2020\/03\/Campana-NoSoyUnVirus-Espana_EDIIMA20200203_0137_19.jpg","width":643,"height":362},{"@type":"WebPage","@id":"https:\/\/plataformakhetane.org\/index.php\/2020\/03\/16\/el-coronavirus-no-es-excusa-para-contagiar-racismo\/#webpage","url":"https:\/\/plataformakhetane.org\/index.php\/2020\/03\/16\/el-coronavirus-no-es-excusa-para-contagiar-racismo\/","name":"El coronavirus no es excusa para contagiar racismo - Plataforma Khetane","isPartOf":{"@id":"https:\/\/plataformakhetane.org\/#website"},"primaryImageOfPage":{"@id":"https:\/\/plataformakhetane.org\/index.php\/2020\/03\/16\/el-coronavirus-no-es-excusa-para-contagiar-racismo\/#primaryimage"},"datePublished":"2020-03-16T13:20:18+00:00","dateModified":"2020-03-16T13:20:21+00:00","author":{"@id":"https:\/\/plataformakhetane.org\/#\/schema\/person\/5bdfe07dfdc3db09fbf99f771e0c9017"},"breadcrumb":{"@id":"https:\/\/plataformakhetane.org\/index.php\/2020\/03\/16\/el-coronavirus-no-es-excusa-para-contagiar-racismo\/#breadcrumb"},"inLanguage":"es","potentialAction":[{"@type":"ReadAction","target":["https:\/\/plataformakhetane.org\/index.php\/2020\/03\/16\/el-coronavirus-no-es-excusa-para-contagiar-racismo\/"]}]},{"@type":"BreadcrumbList","@id":"https:\/\/plataformakhetane.org\/index.php\/2020\/03\/16\/el-coronavirus-no-es-excusa-para-contagiar-racismo\/#breadcrumb","itemListElement":[{"@type":"ListItem","position":1,"name":"Portada","item":"https:\/\/plataformakhetane.org\/"},{"@type":"ListItem","position":2,"name":"El coronavirus no es excusa para contagiar racismo"}]},{"@type":"Person","@id":"https:\/\/plataformakhetane.org\/#\/schema\/person\/5bdfe07dfdc3db09fbf99f771e0c9017","name":"Plataforma Khetane","image":{"@type":"ImageObject","@id":"https:\/\/plataformakhetane.org\/#personlogo","inLanguage":"es","url":"https:\/\/secure.gravatar.com\/avatar\/f76b19d860d0d844afbb6c94250ad7e2?s=96&d=mm&r=g","contentUrl":"https:\/\/secure.gravatar.com\/avatar\/f76b19d860d0d844afbb6c94250ad7e2?s=96&d=mm&r=g","caption":"Plataforma Khetane"},"sameAs":["https:\/\/www.plataformakhetane.com","https:\/\/www.facebook.com\/Plataforma-Khetane-1269848463031206\/","https:\/\/www.instagram.com\/plataformakhetane\/","https:\/\/twitter.com\/PlatafKhetane","https:\/\/www.youtube.com\/channel\/UCpCq173gSHV2_e9fwbqtTwA"],"url":"https:\/\/plataformakhetane.org\/index.php\/author\/gitano1_webkhetane\/"}]}},"_links":{"self":[{"href":"https:\/\/plataformakhetane.org\/index.php\/wp-json\/wp\/v2\/posts\/4028"}],"collection":[{"href":"https:\/\/plataformakhetane.org\/index.php\/wp-json\/wp\/v2\/posts"}],"about":[{"href":"https:\/\/plataformakhetane.org\/index.php\/wp-json\/wp\/v2\/types\/post"}],"author":[{"embeddable":true,"href":"https:\/\/plataformakhetane.org\/index.php\/wp-json\/wp\/v2\/users\/1"}],"replies":[{"embeddable":true,"href":"https:\/\/plataformakhetane.org\/index.php\/wp-json\/wp\/v2\/comments?post=4028"}],"version-history":[{"count":1,"href":"https:\/\/plataformakhetane.org\/index.php\/wp-json\/wp\/v2\/posts\/4028\/revisions"}],"predecessor-version":[{"id":4030,"href":"https:\/\/plataformakhetane.org\/index.php\/wp-json\/wp\/v2\/posts\/4028\/revisions\/4030"}],"wp:featuredmedia":[{"embeddable":true,"href":"https:\/\/plataformakhetane.org\/index.php\/wp-json\/wp\/v2\/media\/4029"}],"wp:attachment":[{"href":"https:\/\/plataformakhetane.org\/index.php\/wp-json\/wp\/v2\/media?parent=4028"}],"wp:term":[{"taxonomy":"category","embeddable":true,"href":"https:\/\/plataformakhetane.org\/index.php\/wp-json\/wp\/v2\/categories?post=4028"},{"taxonomy":"post_tag","embeddable":true,"href":"https:\/\/plataformakhetane.org\/index.php\/wp-json\/wp\/v2\/tags?post=4028"}],"curies":[{"name":"wp","href":"https:\/\/api.w.org\/{rel}","templated":true}]}}