{"id":4003,"date":"2020-03-12T15:30:08","date_gmt":"2020-03-12T14:30:08","guid":{"rendered":"http:\/\/plataformakhetane.org\/?p=4003"},"modified":"2020-03-12T16:24:56","modified_gmt":"2020-03-12T15:24:56","slug":"que-la-pandemia-del-covid-19-no-condene-aun-mas-a-los-sectores-vulnerables-y-empobrecidos","status":"publish","type":"post","link":"https:\/\/plataformakhetane.org\/index.php\/2020\/03\/12\/que-la-pandemia-del-covid-19-no-condene-aun-mas-a-los-sectores-vulnerables-y-empobrecidos\/","title":{"rendered":"Que la pandemia del COVID-19 no condene a\u00fan m\u00e1s a los sectores vulnerables y empobrecidos"},"content":{"rendered":"\n<h3>No tener en cuenta la situacion de las personas vulnerables en momentos de emergencias es volverles a situar en una desventaja m\u00e1s que les puede dejar en situaciones dram\u00e1ticas<\/h3>\n\n\n\n<p>Ante la situaci\u00f3n que el conjunto de la ciudadan\u00eda del Estado Espa\u00f1ol estamos\nviviendo, en relaci\u00f3n con la epidemia del Coronavirus Covid-19, as\u00ed como con\nlas consecuencias que las medidas preventivas que est\u00e1n tomando los gobiernos\ntanto auton\u00f3micos como central, la Plataforma Khetane del Movimiento Asociativo\nGitano de Estado Espa\u00f1ol, siendo conocedores de\ndeterminadas circunstancias a las que ven obligados a vivir buena parte de los\nsectores sociales mas vulnerables de nuestra sociedad, queremos<\/p>\n\n\n\n<p><strong>MANIFESTAR,<\/strong><\/p>\n\n\n\n<p>Que, seg\u00fan la <a href=\"https:\/\/www.eapn.es\/ARCHIVO\/documentos\/documentos\/1582017052_spain-end-of-mission-statement-final-es.pdf\" target=\"_blank\" rel=\"noreferrer noopener\" aria-label=\"Declaraci\u00f3n del Relator Especial de las Naciones Unidas sobre la extrema pobreza y los derechos humanos (se abre en una nueva pesta\u00f1a)\">Declaraci\u00f3n del Relator Especial de las Naciones Unidas sobre la extrema pobreza y los derechos humanos<\/a>, Philip Alston, sobre la conclusi\u00f3n de su visita oficial a Espa\u00f1a (del 27 de enero al 7 de febrero de 2020): \u201cLas tasas de pobreza son alarmantemente altas. En 2018, el 26,1% de la poblaci\u00f3n en Espa\u00f1a, y el 29,5%de los y las menores, se encontraban en riesgo de pobreza o exclusi\u00f3n social, una de las tasas m\u00e1s altas de Europa. M\u00e1s del 55% experiment\u00f3 alg\u00fan grado de dificultad para llegar a fin de mes, y el 5,4% sufri\u00f3 carencia material severa &#8230; Las cifras de empleo ocultan una de las tasas m\u00e1s altas de pobreza activa de la UE, donde muchas personas trabajan en empleos mal pagados, a tiempo parcial o temporales y ganan salarios lamentablemente inadecuados para cubrir las necesidades fundamentales. La desigualdad tambi\u00e9n es sorprendentemente alta, con indicadores muy por encima de los promedios de la UE\u201d. Cuando el mismo relator habla de poblaci\u00f3n gitana los datos son a\u00fan m\u00e1s alarmantes: \u201cM\u00e1s del 80% de la poblaci\u00f3n gitana se enfrenta a la pobreza o la exclusi\u00f3n social y el 46% es extremadamente pobre con un ingreso mensual inferior a 310 euros. La tasa de pobreza infantil se sit\u00faa en el 89% y el desempleo en el 52%. Las mujeres gitanas est\u00e1n en clara desventaja en todas las \u00e1reas, con una tasa de empleo que solo alcanza el 16%. Y las tasas de alumnado gitano que asisten a escuelas segregadas tambi\u00e9n son elevadas: solo el 17% de la poblaci\u00f3n gitana mayor de 16 a\u00f1os tiene completados estudios de secundaria (ESO) o superiores\u201d.<\/p>\n\n\n\n<p>Que desafortunadamente, como muchas otras personas\nen Espa\u00f1a, hay personas gitanas contagiadas y otras a las que a partir de haber\nestado en contacto con otras personas contagiadas deben estar en aislamiento al\nmenos dos semanas, como medida preventiva del contagio comunitario.<\/p>\n\n\n\n<p>Que, tal y como avala el informe del Relator de\nNaciones Unidas referenciado m\u00e1s arriba, el nivel de vulnerabilidad de estas\npersonas gitanas es tal, que ese aislamiento les comporta un nivel de\ninconvenientes ostensiblemente mayor que otras personas que tengan un mejor nivel\nsocioecon\u00f3mico, ya que muchas de esas personas trabajan en el r\u00e9gimen de aut\u00f3nomos\nen la venta ambulante, que supone que los d\u00edas de aislamiento no tendr\u00e1n ning\u00fan\ntipo de ingreso econ\u00f3mico y sus apoyos familiares no pueden, en muchas\nocasiones, atender a esos aislamientos como ellos mismos quisieran ya que\ntambi\u00e9n necesitan invertir sus energ\u00edas en la autocupaci\u00f3n para poder\nsubsistir.<\/p>\n\n\n\n<p>Por estos motivos y otros con relaci\u00f3n con los mismos, instamos a las\nadministraciones p\u00fablicas a que consideren implementar medidas de car\u00e1cter\nurgente, para paliar los efectos altamente negativos que esta epidemia est\u00e1\ncausando en determinados sectores de poblaci\u00f3n con altos grados de\nvulnerabilidad, como es este caso. Desde el convencimiento que los gobiernos y\nlos poderes p\u00fablicos deben velar por romper las barreras que limitan e impiden\nla inclusi\u00f3n de sectores determinados de la sociedad, atender de manera\nespecifica a situaciones que sufren estas personas en una situaci\u00f3n tan grave y\nurgente como la que estamos viviendo, sin duda es una necesidad que se debe\natender. Por ello<\/p>\n\n\n\n<p><strong>EXIGIMOS,<\/strong><\/p>\n\n\n\n<p>Que se establezcan las medidas necesarias para el abastecimiento de los alimentos, productos y servicios b\u00e1sicos para las personas que est\u00e1n en aislamiento preventivo por la epidemia de Coronavirus Covid-19, de las personas con un \u00edndice alto de vulnerabilidad social y econ\u00f3mica.<\/p>\n\n\n\n<p>Que se cuente con las redes asociativas propias de los grupos vulnerables, la gitana entre otras, as\u00ed como con sus grupos de voluntariado, para abastecer de estos elementos a quien lo necesite, ya que son conocedoras de los territorios y personas con las que trabajan hace muchos a\u00f1os intentado revertir situaciones de necesidad y de pobreza.<\/p>\n\n\n\n<div style=\"height:44px\" aria-hidden=\"true\" class=\"wp-block-spacer\"><\/div>\n\n\n\n<p>La Plataforma Khetane ha hecho conocedoras de esta petici\u00f3n a las organizaciones con las que colaboramos de manera habitual, entre otras Comisiones Obreras Confederal (<a href=\"https:\/\/www.ccoo.es\/\" target=\"_blank\" rel=\"noreferrer noopener\" aria-label=\"CC.OO. (se abre en una nueva pesta\u00f1a)\">CC.OO.<\/a>), Red Europea de Lucha contra la Pobreza de Espa\u00f1a (<a href=\"https:\/\/www.eapn.es\/\" target=\"_blank\" rel=\"noreferrer noopener\" aria-label=\"EAPN (se abre en una nueva pesta\u00f1a)\">EAPN<\/a>) y <a href=\"https:\/\/www.sosracismomadrid.es\/\" target=\"_blank\" rel=\"noreferrer noopener\" aria-label=\"SOS Racismo (se abre en una nueva pesta\u00f1a)\">SOS Racismo<\/a>, as\u00ed como del conjunto de organizaciones gitanas y pro-gitanas que act\u00faan en el Estado Espa\u00f1ol.<\/p>\n\n\n\n<p>Foto: <a href=\"https:\/\/elpais.com\/elpais\/2019\/01\/20\/album\/1548000759_091272.html#foto_gal_18\" target=\"_blank\" rel=\"noreferrer noopener\" aria-label=\"El Pa\u00eds (se abre en una nueva pesta\u00f1a)\">El Pa\u00eds<\/a><\/p>\n<span class=\"et_bloom_bottom_trigger\"><\/span>","protected":false},"excerpt":{"rendered":"<p>No tener en cuenta la situacion de las personas vulnerables en momentos de emergencias es volverles a situar en una desventaja m\u00e1s que les puede dejar en situaciones dram\u00e1ticas Ante la situaci\u00f3n que el conjunto de la ciudadan\u00eda del Estado Espa\u00f1ol estamos viviendo, en relaci\u00f3n con la epidemia del Coronavirus Covid-19, as\u00ed como con las [&hellip;]<\/p>\n","protected":false},"author":1,"featured_media":4004,"comment_status":"open","ping_status":"open","sticky":false,"template":"","format":"standard","meta":{"_et_pb_use_builder":"","_et_pb_old_content":"","_et_gb_content_width":"","_mi_skip_tracking":false,"_exactmetrics_sitenote_active":false,"_exactmetrics_sitenote_note":"","_exactmetrics_sitenote_category":0},"categories":[5],"tags":[],"yoast_head":"<!-- This site is optimized with the Yoast SEO plugin v18.5.1 - https:\/\/yoast.com\/wordpress\/plugins\/seo\/ -->\n<title>Que la pandemia del COVID-19 no condene a\u00fan m\u00e1s a los sectores vulnerables y empobrecidos - Plataforma Khetane<\/title>\n<meta name=\"robots\" content=\"index, follow, max-snippet:-1, max-image-preview:large, max-video-preview:-1\" \/>\n<link rel=\"canonical\" href=\"https:\/\/plataformakhetane.org\/index.php\/2020\/03\/12\/que-la-pandemia-del-covid-19-no-condene-aun-mas-a-los-sectores-vulnerables-y-empobrecidos\/\" \/>\n<meta property=\"og:locale\" content=\"es_ES\" \/>\n<meta property=\"og:type\" content=\"article\" \/>\n<meta property=\"og:title\" content=\"Que la pandemia del COVID-19 no condene a\u00fan m\u00e1s a los sectores vulnerables y empobrecidos - Plataforma Khetane\" \/>\n<meta property=\"og:description\" content=\"No tener en cuenta la situacion de las personas vulnerables en momentos de emergencias es volverles a situar en una desventaja m\u00e1s que les puede dejar en situaciones dram\u00e1ticas Ante la situaci\u00f3n que el conjunto de la ciudadan\u00eda del Estado Espa\u00f1ol estamos viviendo, en relaci\u00f3n con la epidemia del Coronavirus Covid-19, as\u00ed como con las [&hellip;]\" \/>\n<meta property=\"og:url\" content=\"https:\/\/plataformakhetane.org\/index.php\/2020\/03\/12\/que-la-pandemia-del-covid-19-no-condene-aun-mas-a-los-sectores-vulnerables-y-empobrecidos\/\" \/>\n<meta property=\"og:site_name\" content=\"Plataforma Khetane\" \/>\n<meta property=\"article:author\" content=\"https:\/\/www.facebook.com\/Plataforma-Khetane-1269848463031206\/\" \/>\n<meta property=\"article:published_time\" content=\"2020-03-12T14:30:08+00:00\" \/>\n<meta property=\"article:modified_time\" content=\"2020-03-12T15:24:56+00:00\" \/>\n<meta property=\"og:image\" content=\"https:\/\/plataformakhetane.org\/wp-content\/uploads\/2020\/03\/1548000759_091272_1548002003_noticia_normal.jpg\" \/>\n\t<meta property=\"og:image:width\" content=\"1960\" \/>\n\t<meta property=\"og:image:height\" content=\"1095\" \/>\n\t<meta property=\"og:image:type\" content=\"image\/jpeg\" \/>\n<meta name=\"twitter:card\" content=\"summary\" \/>\n<meta name=\"twitter:creator\" content=\"@PlatafKhetane\" \/>\n<meta name=\"twitter:label1\" content=\"Escrito por\" \/>\n\t<meta name=\"twitter:data1\" content=\"Plataforma Khetane\" \/>\n\t<meta name=\"twitter:label2\" content=\"Tiempo de lectura\" \/>\n\t<meta name=\"twitter:data2\" content=\"4 minutos\" \/>\n<script type=\"application\/ld+json\" class=\"yoast-schema-graph\">{\"@context\":\"https:\/\/schema.org\",\"@graph\":[{\"@type\":\"WebSite\",\"@id\":\"https:\/\/plataformakhetane.org\/#website\",\"url\":\"https:\/\/plataformakhetane.org\/\",\"name\":\"Plataforma Khetane\",\"description\":\"Movimiento Asociativo Gitano del Estado Espa\u00f1ol\",\"potentialAction\":[{\"@type\":\"SearchAction\",\"target\":{\"@type\":\"EntryPoint\",\"urlTemplate\":\"https:\/\/plataformakhetane.org\/?s={search_term_string}\"},\"query-input\":\"required name=search_term_string\"}],\"inLanguage\":\"es\"},{\"@type\":\"ImageObject\",\"@id\":\"https:\/\/plataformakhetane.org\/index.php\/2020\/03\/12\/que-la-pandemia-del-covid-19-no-condene-aun-mas-a-los-sectores-vulnerables-y-empobrecidos\/#primaryimage\",\"inLanguage\":\"es\",\"url\":\"https:\/\/plataformakhetane.org\/wp-content\/uploads\/2020\/03\/1548000759_091272_1548002003_noticia_normal.jpg\",\"contentUrl\":\"https:\/\/plataformakhetane.org\/wp-content\/uploads\/2020\/03\/1548000759_091272_1548002003_noticia_normal.jpg\",\"width\":1960,\"height\":1095},{\"@type\":\"WebPage\",\"@id\":\"https:\/\/plataformakhetane.org\/index.php\/2020\/03\/12\/que-la-pandemia-del-covid-19-no-condene-aun-mas-a-los-sectores-vulnerables-y-empobrecidos\/#webpage\",\"url\":\"https:\/\/plataformakhetane.org\/index.php\/2020\/03\/12\/que-la-pandemia-del-covid-19-no-condene-aun-mas-a-los-sectores-vulnerables-y-empobrecidos\/\",\"name\":\"Que la pandemia del COVID-19 no condene a\u00fan m\u00e1s a los sectores vulnerables y empobrecidos - Plataforma Khetane\",\"isPartOf\":{\"@id\":\"https:\/\/plataformakhetane.org\/#website\"},\"primaryImageOfPage\":{\"@id\":\"https:\/\/plataformakhetane.org\/index.php\/2020\/03\/12\/que-la-pandemia-del-covid-19-no-condene-aun-mas-a-los-sectores-vulnerables-y-empobrecidos\/#primaryimage\"},\"datePublished\":\"2020-03-12T14:30:08+00:00\",\"dateModified\":\"2020-03-12T15:24:56+00:00\",\"author\":{\"@id\":\"https:\/\/plataformakhetane.org\/#\/schema\/person\/5bdfe07dfdc3db09fbf99f771e0c9017\"},\"breadcrumb\":{\"@id\":\"https:\/\/plataformakhetane.org\/index.php\/2020\/03\/12\/que-la-pandemia-del-covid-19-no-condene-aun-mas-a-los-sectores-vulnerables-y-empobrecidos\/#breadcrumb\"},\"inLanguage\":\"es\",\"potentialAction\":[{\"@type\":\"ReadAction\",\"target\":[\"https:\/\/plataformakhetane.org\/index.php\/2020\/03\/12\/que-la-pandemia-del-covid-19-no-condene-aun-mas-a-los-sectores-vulnerables-y-empobrecidos\/\"]}]},{\"@type\":\"BreadcrumbList\",\"@id\":\"https:\/\/plataformakhetane.org\/index.php\/2020\/03\/12\/que-la-pandemia-del-covid-19-no-condene-aun-mas-a-los-sectores-vulnerables-y-empobrecidos\/#breadcrumb\",\"itemListElement\":[{\"@type\":\"ListItem\",\"position\":1,\"name\":\"Portada\",\"item\":\"https:\/\/plataformakhetane.org\/\"},{\"@type\":\"ListItem\",\"position\":2,\"name\":\"Que la pandemia del COVID-19 no condene a\u00fan m\u00e1s a los sectores vulnerables y empobrecidos\"}]},{\"@type\":\"Person\",\"@id\":\"https:\/\/plataformakhetane.org\/#\/schema\/person\/5bdfe07dfdc3db09fbf99f771e0c9017\",\"name\":\"Plataforma Khetane\",\"image\":{\"@type\":\"ImageObject\",\"@id\":\"https:\/\/plataformakhetane.org\/#personlogo\",\"inLanguage\":\"es\",\"url\":\"https:\/\/secure.gravatar.com\/avatar\/f76b19d860d0d844afbb6c94250ad7e2?s=96&d=mm&r=g\",\"contentUrl\":\"https:\/\/secure.gravatar.com\/avatar\/f76b19d860d0d844afbb6c94250ad7e2?s=96&d=mm&r=g\",\"caption\":\"Plataforma Khetane\"},\"sameAs\":[\"https:\/\/www.plataformakhetane.com\",\"https:\/\/www.facebook.com\/Plataforma-Khetane-1269848463031206\/\",\"https:\/\/www.instagram.com\/plataformakhetane\/\",\"https:\/\/twitter.com\/PlatafKhetane\",\"https:\/\/www.youtube.com\/channel\/UCpCq173gSHV2_e9fwbqtTwA\"],\"url\":\"https:\/\/plataformakhetane.org\/index.php\/author\/gitano1_webkhetane\/\"}]}<\/script>\n<!-- \/ Yoast SEO plugin. -->","yoast_head_json":{"title":"Que la pandemia del COVID-19 no condene a\u00fan m\u00e1s a los sectores vulnerables y empobrecidos - Plataforma Khetane","robots":{"index":"index","follow":"follow","max-snippet":"max-snippet:-1","max-image-preview":"max-image-preview:large","max-video-preview":"max-video-preview:-1"},"canonical":"https:\/\/plataformakhetane.org\/index.php\/2020\/03\/12\/que-la-pandemia-del-covid-19-no-condene-aun-mas-a-los-sectores-vulnerables-y-empobrecidos\/","og_locale":"es_ES","og_type":"article","og_title":"Que la pandemia del COVID-19 no condene a\u00fan m\u00e1s a los sectores vulnerables y empobrecidos - Plataforma Khetane","og_description":"No tener en cuenta la situacion de las personas vulnerables en momentos de emergencias es volverles a situar en una desventaja m\u00e1s que les puede dejar en situaciones dram\u00e1ticas Ante la situaci\u00f3n que el conjunto de la ciudadan\u00eda del Estado Espa\u00f1ol estamos viviendo, en relaci\u00f3n con la epidemia del Coronavirus Covid-19, as\u00ed como con las [&hellip;]","og_url":"https:\/\/plataformakhetane.org\/index.php\/2020\/03\/12\/que-la-pandemia-del-covid-19-no-condene-aun-mas-a-los-sectores-vulnerables-y-empobrecidos\/","og_site_name":"Plataforma Khetane","article_author":"https:\/\/www.facebook.com\/Plataforma-Khetane-1269848463031206\/","article_published_time":"2020-03-12T14:30:08+00:00","article_modified_time":"2020-03-12T15:24:56+00:00","og_image":[{"width":1960,"height":1095,"url":"https:\/\/plataformakhetane.org\/wp-content\/uploads\/2020\/03\/1548000759_091272_1548002003_noticia_normal.jpg","type":"image\/jpeg"}],"twitter_card":"summary","twitter_creator":"@PlatafKhetane","twitter_misc":{"Escrito por":"Plataforma Khetane","Tiempo de lectura":"4 minutos"},"schema":{"@context":"https:\/\/schema.org","@graph":[{"@type":"WebSite","@id":"https:\/\/plataformakhetane.org\/#website","url":"https:\/\/plataformakhetane.org\/","name":"Plataforma Khetane","description":"Movimiento Asociativo Gitano del Estado Espa\u00f1ol","potentialAction":[{"@type":"SearchAction","target":{"@type":"EntryPoint","urlTemplate":"https:\/\/plataformakhetane.org\/?s={search_term_string}"},"query-input":"required name=search_term_string"}],"inLanguage":"es"},{"@type":"ImageObject","@id":"https:\/\/plataformakhetane.org\/index.php\/2020\/03\/12\/que-la-pandemia-del-covid-19-no-condene-aun-mas-a-los-sectores-vulnerables-y-empobrecidos\/#primaryimage","inLanguage":"es","url":"https:\/\/plataformakhetane.org\/wp-content\/uploads\/2020\/03\/1548000759_091272_1548002003_noticia_normal.jpg","contentUrl":"https:\/\/plataformakhetane.org\/wp-content\/uploads\/2020\/03\/1548000759_091272_1548002003_noticia_normal.jpg","width":1960,"height":1095},{"@type":"WebPage","@id":"https:\/\/plataformakhetane.org\/index.php\/2020\/03\/12\/que-la-pandemia-del-covid-19-no-condene-aun-mas-a-los-sectores-vulnerables-y-empobrecidos\/#webpage","url":"https:\/\/plataformakhetane.org\/index.php\/2020\/03\/12\/que-la-pandemia-del-covid-19-no-condene-aun-mas-a-los-sectores-vulnerables-y-empobrecidos\/","name":"Que la pandemia del COVID-19 no condene a\u00fan m\u00e1s a los sectores vulnerables y empobrecidos - Plataforma Khetane","isPartOf":{"@id":"https:\/\/plataformakhetane.org\/#website"},"primaryImageOfPage":{"@id":"https:\/\/plataformakhetane.org\/index.php\/2020\/03\/12\/que-la-pandemia-del-covid-19-no-condene-aun-mas-a-los-sectores-vulnerables-y-empobrecidos\/#primaryimage"},"datePublished":"2020-03-12T14:30:08+00:00","dateModified":"2020-03-12T15:24:56+00:00","author":{"@id":"https:\/\/plataformakhetane.org\/#\/schema\/person\/5bdfe07dfdc3db09fbf99f771e0c9017"},"breadcrumb":{"@id":"https:\/\/plataformakhetane.org\/index.php\/2020\/03\/12\/que-la-pandemia-del-covid-19-no-condene-aun-mas-a-los-sectores-vulnerables-y-empobrecidos\/#breadcrumb"},"inLanguage":"es","potentialAction":[{"@type":"ReadAction","target":["https:\/\/plataformakhetane.org\/index.php\/2020\/03\/12\/que-la-pandemia-del-covid-19-no-condene-aun-mas-a-los-sectores-vulnerables-y-empobrecidos\/"]}]},{"@type":"BreadcrumbList","@id":"https:\/\/plataformakhetane.org\/index.php\/2020\/03\/12\/que-la-pandemia-del-covid-19-no-condene-aun-mas-a-los-sectores-vulnerables-y-empobrecidos\/#breadcrumb","itemListElement":[{"@type":"ListItem","position":1,"name":"Portada","item":"https:\/\/plataformakhetane.org\/"},{"@type":"ListItem","position":2,"name":"Que la pandemia del COVID-19 no condene a\u00fan m\u00e1s a los sectores vulnerables y empobrecidos"}]},{"@type":"Person","@id":"https:\/\/plataformakhetane.org\/#\/schema\/person\/5bdfe07dfdc3db09fbf99f771e0c9017","name":"Plataforma Khetane","image":{"@type":"ImageObject","@id":"https:\/\/plataformakhetane.org\/#personlogo","inLanguage":"es","url":"https:\/\/secure.gravatar.com\/avatar\/f76b19d860d0d844afbb6c94250ad7e2?s=96&d=mm&r=g","contentUrl":"https:\/\/secure.gravatar.com\/avatar\/f76b19d860d0d844afbb6c94250ad7e2?s=96&d=mm&r=g","caption":"Plataforma Khetane"},"sameAs":["https:\/\/www.plataformakhetane.com","https:\/\/www.facebook.com\/Plataforma-Khetane-1269848463031206\/","https:\/\/www.instagram.com\/plataformakhetane\/","https:\/\/twitter.com\/PlatafKhetane","https:\/\/www.youtube.com\/channel\/UCpCq173gSHV2_e9fwbqtTwA"],"url":"https:\/\/plataformakhetane.org\/index.php\/author\/gitano1_webkhetane\/"}]}},"_links":{"self":[{"href":"https:\/\/plataformakhetane.org\/index.php\/wp-json\/wp\/v2\/posts\/4003"}],"collection":[{"href":"https:\/\/plataformakhetane.org\/index.php\/wp-json\/wp\/v2\/posts"}],"about":[{"href":"https:\/\/plataformakhetane.org\/index.php\/wp-json\/wp\/v2\/types\/post"}],"author":[{"embeddable":true,"href":"https:\/\/plataformakhetane.org\/index.php\/wp-json\/wp\/v2\/users\/1"}],"replies":[{"embeddable":true,"href":"https:\/\/plataformakhetane.org\/index.php\/wp-json\/wp\/v2\/comments?post=4003"}],"version-history":[{"count":4,"href":"https:\/\/plataformakhetane.org\/index.php\/wp-json\/wp\/v2\/posts\/4003\/revisions"}],"predecessor-version":[{"id":4008,"href":"https:\/\/plataformakhetane.org\/index.php\/wp-json\/wp\/v2\/posts\/4003\/revisions\/4008"}],"wp:featuredmedia":[{"embeddable":true,"href":"https:\/\/plataformakhetane.org\/index.php\/wp-json\/wp\/v2\/media\/4004"}],"wp:attachment":[{"href":"https:\/\/plataformakhetane.org\/index.php\/wp-json\/wp\/v2\/media?parent=4003"}],"wp:term":[{"taxonomy":"category","embeddable":true,"href":"https:\/\/plataformakhetane.org\/index.php\/wp-json\/wp\/v2\/categories?post=4003"},{"taxonomy":"post_tag","embeddable":true,"href":"https:\/\/plataformakhetane.org\/index.php\/wp-json\/wp\/v2\/tags?post=4003"}],"curies":[{"name":"wp","href":"https:\/\/api.w.org\/{rel}","templated":true}]}}