{"id":3830,"date":"2020-02-08T19:51:00","date_gmt":"2020-02-08T18:51:00","guid":{"rendered":"http:\/\/plataformakhetane.org\/?p=3830"},"modified":"2020-03-03T18:32:20","modified_gmt":"2020-03-03T17:32:20","slug":"la-plataforma-khetane-junto-con-faga-valencia-presenta-la-alianza-contra-el-antigitanismo-a-la-generalitat-valenciana","status":"publish","type":"post","link":"https:\/\/plataformakhetane.org\/index.php\/2020\/02\/08\/la-plataforma-khetane-junto-con-faga-valencia-presenta-la-alianza-contra-el-antigitanismo-a-la-generalitat-valenciana\/","title":{"rendered":"La Plataforma Khetane, junto con FAGA Valencia, presenta la Alianza contra el Antigitanismo a la Generalitat Valenciana"},"content":{"rendered":"\n<h4>La Alianza Khetane contra el Antigitanismo, es una propuesta que se pretende levar a todas las Comunidades Aut\u00f3nomas, inici\u00f3 su andadura en la ciudad de Valencia<\/h4>\n\n\n\n<p>El d\u00eda siete de febrero de 2020, la Plataforma Khetane, present\u00f3 en La Generalitat Valenciana su Alianza contra el Antigitanismo a la que asistieron por parte de la Instituci\u00f3n Jos\u00e9 de Lamo Pastor<a>, <\/a>director de igualdad en la Diversidad y Alberto Ib\u00e1\u00f1ez i Mezquita, Secretario Auton\u00f3mico de Igualdad y Diversidad. <\/p>\n\n\n\n<p>La Plataforma Khetane estuvo representada por su presidente Ram\u00f3n\nFern\u00e1ndez Fern\u00e1ndez &#8211; Federaci\u00f3n Auton\u00f3mica de Asoc. Gitanas de la Comunidad\nValenciana (FAGA-Valencia); la Vicepresidenta 1\u00aa Pilar Claver\u00eda Mendoza &#8211;\nFederaci\u00f3n de Asociaciones Gitanas de Arag\u00f3n (FAGA-Arag\u00f3n); el Vicepresidente 2\u00ba\nRicardo Hern\u00e1ndez Jim\u00e9nez &#8211; Federaci\u00f3n de Asociaciones Gitanas de Navarra \u201cGAZ\nKAL\u00d3\u201d; el Secretario Antonio V\u00e1zquez Saavedra &#8211; Federaci\u00f3n de Asociaciones\nGitanas Extreme\u00f1as (FAGEX); Carmen Dual Claver\u00eda &#8211; Federaci\u00f3n Nacional de\nAsociaciones de Mujeres Gitanas \u201cKAMIRA\u201d; Rosal\u00eda V\u00e1zquez Barrul &#8211; Asociaci\u00f3n\nde Mujeres Gitanas \u201cALBORE\u00c1\u201d; Aurelio Cort\u00e9s Cerreruela &#8211; Federaci\u00f3n de\nAsociaciones Gitanas de Catalu\u00f1a (FAGIC) e I\u00f1aki V\u00e1zquez Arenc\u00f3n, el Director\nde Khetane.<\/p>\n\n\n\n<p>Adem\u00e1s, asistieron representantes de la Federaci\u00f3n anfitriona (FAGA-Valencia),\nencabezadas por Francisco Santiago Camacho, directivo de esta, y parte del\nequipo t\u00e9cnico de la Plataforma Khetane.<\/p>\n\n\n\n<figure class=\"wp-block-image size-large is-resized\"><img loading=\"lazy\" src=\"http:\/\/plataformakhetane.org\/wp-content\/uploads\/2020\/02\/PHOTO-2020-02-07-18-27-22-1024x1024.jpg\" alt=\"\" class=\"wp-image-3831\" width=\"657\" height=\"657\"\/><\/figure>\n\n\n\n<p>La reuni\u00f3n fluy\u00f3 en un ambiente c\u00e1lido y de escucha profunda por ambas\npartes, como confirman las declaraciones de Alberto Ib\u00e1\u00f1ez cuando habl\u00f3 \u201cde la\nmemoria hist\u00f3rica\u201d refiri\u00e9ndose a divulgar los episodios de represi\u00f3n e intento\nde exterminio que ha sufrido el Pueblo Gitano e lo largo de su historia desde\nsu llegada a la pen\u00ednsula Ib\u00e9rica. Asimismo, el Secretario Auton\u00f3mico afirm\u00f3 que\n\u201cun gobierno decente debe pedir disculpas al Pueblo Rromani\u201d, haciendo menci\u00f3n a\ntres ejes fundamentales: Redistribuci\u00f3n, Reconocimiento y Representatividad.<\/p>\n\n\n\n<p>Alberto Ib\u00e1\u00f1ez demostr\u00f3 su disposici\u00f3n, inter\u00e9s y deseo en la\nidoneidad de crear espacios cotidianos de interacci\u00f3n, entre las Asociaciones\nGitanas y las Administraciones, declaraciones a las que sum\u00f3 Jos\u00e9 de Lamo\nPastor, director de igualdad en la Diversidad.<\/p>\n\n\n\n<p>Ambos asintieron antes las demandas expuestas por los\nrepresentantes de Khetane en las que afirmaron literalmente \u201cEl Antigitanismo no\nes un eje m\u00e1s, la lucha contra el Antigitanismo desde las Instituciones ha de\nser una parte estructural de las pol\u00edticas p\u00fablicas\u201d; \u201cEl Antigitanismo no se\npuede combatir sin las gitanas y los gitanos\u201d; \u201cEl nivel de eficacia de las\nacciones va muy unido a los recursos\u201d, entre otras.<\/p>\n\n\n\n<p>La reuni\u00f3n termin\u00f3 con el compromiso firme de firmar est\u00e1 Alianza Khetane contra el Antigitanismo por parte de su departamento y con la satisfacci\u00f3n de haber dado un paso muy importante por parte del Movimiento Asociativo Gitano representado por La Plataforma Khetane, para nuestro Pueblo.<\/p>\n\n\n\n<p>Adjuntamos aqu\u00ed el texto completo de la Alianza Khetane contra el Antigitanismo, en el acto que tuvo lugar el viernes 7 de febrero a las 11:30 horas, en la Ciudad Administrativa 9 de octubre<em>. <\/em>sita en la calle Democracia, 77, Sala 6, Edificio B, de la ciudad de Valencia.<\/p>\n\n\n\n<p><\/p>\n\n\n<div class=\"su-document su-u-responsive-media-yes\"><iframe loading=\"lazy\" src=\"\/\/docs.google.com\/viewer?embedded=true&url=http:\/\/plataformakhetane.org\/wp-content\/uploads\/2020\/02\/2020_02_07-PRESENTACION-ALIANZA-KHETANE-EN-VALENCIA.pdf\" width=\"300\" height=\"400\" class=\"su-document\" title=\"\"><\/iframe><\/div>\n<span class=\"et_bloom_bottom_trigger\"><\/span>","protected":false},"excerpt":{"rendered":"<p>La Alianza Khetane contra el Antigitanismo, es una propuesta que se pretende levar a todas las Comunidades Aut\u00f3nomas, inici\u00f3 su andadura en la ciudad de Valencia El d\u00eda siete de febrero de 2020, la Plataforma Khetane, present\u00f3 en La Generalitat Valenciana su Alianza contra el Antigitanismo a la que asistieron por parte de la Instituci\u00f3n [&hellip;]<\/p>\n","protected":false},"author":1,"featured_media":3809,"comment_status":"open","ping_status":"open","sticky":false,"template":"","format":"standard","meta":{"_et_pb_use_builder":"","_et_pb_old_content":"","_et_gb_content_width":"","_mi_skip_tracking":false,"_exactmetrics_sitenote_active":false,"_exactmetrics_sitenote_note":"","_exactmetrics_sitenote_category":0},"categories":[117,116,5],"tags":[],"yoast_head":"<!-- This site is optimized with the Yoast SEO plugin v18.5.1 - https:\/\/yoast.com\/wordpress\/plugins\/seo\/ -->\n<title>La Plataforma Khetane, junto con FAGA Valencia, presenta la Alianza contra el Antigitanismo a la Generalitat Valenciana - Plataforma Khetane<\/title>\n<meta name=\"robots\" content=\"index, follow, max-snippet:-1, max-image-preview:large, max-video-preview:-1\" \/>\n<link rel=\"canonical\" href=\"https:\/\/plataformakhetane.org\/index.php\/2020\/02\/08\/la-plataforma-khetane-junto-con-faga-valencia-presenta-la-alianza-contra-el-antigitanismo-a-la-generalitat-valenciana\/\" \/>\n<meta property=\"og:locale\" content=\"es_ES\" \/>\n<meta property=\"og:type\" content=\"article\" \/>\n<meta property=\"og:title\" content=\"La Plataforma Khetane, junto con FAGA Valencia, presenta la Alianza contra el Antigitanismo a la Generalitat Valenciana - Plataforma Khetane\" \/>\n<meta property=\"og:description\" content=\"La Alianza Khetane contra el Antigitanismo, es una propuesta que se pretende levar a todas las Comunidades Aut\u00f3nomas, inici\u00f3 su andadura en la ciudad de Valencia El d\u00eda siete de febrero de 2020, la Plataforma Khetane, present\u00f3 en La Generalitat Valenciana su Alianza contra el Antigitanismo a la que asistieron por parte de la Instituci\u00f3n [&hellip;]\" \/>\n<meta property=\"og:url\" content=\"https:\/\/plataformakhetane.org\/index.php\/2020\/02\/08\/la-plataforma-khetane-junto-con-faga-valencia-presenta-la-alianza-contra-el-antigitanismo-a-la-generalitat-valenciana\/\" \/>\n<meta property=\"og:site_name\" content=\"Plataforma Khetane\" \/>\n<meta property=\"article:author\" content=\"https:\/\/www.facebook.com\/Plataforma-Khetane-1269848463031206\/\" \/>\n<meta property=\"article:published_time\" content=\"2020-02-08T18:51:00+00:00\" \/>\n<meta property=\"article:modified_time\" content=\"2020-03-03T17:32:20+00:00\" \/>\n<meta property=\"og:image\" content=\"https:\/\/plataformakhetane.org\/wp-content\/uploads\/2020\/02\/20-02-07-A.Iba\u0301n\u0303ez-Antigitanismo.jpg\" \/>\n\t<meta property=\"og:image:width\" content=\"2397\" \/>\n\t<meta property=\"og:image:height\" content=\"1386\" \/>\n\t<meta property=\"og:image:type\" content=\"image\/jpeg\" \/>\n<meta name=\"twitter:card\" content=\"summary\" \/>\n<meta name=\"twitter:creator\" content=\"@PlatafKhetane\" \/>\n<meta name=\"twitter:label1\" content=\"Escrito por\" \/>\n\t<meta name=\"twitter:data1\" content=\"Plataforma Khetane\" \/>\n\t<meta name=\"twitter:label2\" content=\"Tiempo de lectura\" \/>\n\t<meta name=\"twitter:data2\" content=\"3 minutos\" \/>\n<script type=\"application\/ld+json\" class=\"yoast-schema-graph\">{\"@context\":\"https:\/\/schema.org\",\"@graph\":[{\"@type\":\"WebSite\",\"@id\":\"https:\/\/plataformakhetane.org\/#website\",\"url\":\"https:\/\/plataformakhetane.org\/\",\"name\":\"Plataforma Khetane\",\"description\":\"Movimiento Asociativo Gitano del Estado Espa\u00f1ol\",\"potentialAction\":[{\"@type\":\"SearchAction\",\"target\":{\"@type\":\"EntryPoint\",\"urlTemplate\":\"https:\/\/plataformakhetane.org\/?s={search_term_string}\"},\"query-input\":\"required name=search_term_string\"}],\"inLanguage\":\"es\"},{\"@type\":\"ImageObject\",\"@id\":\"https:\/\/plataformakhetane.org\/index.php\/2020\/02\/08\/la-plataforma-khetane-junto-con-faga-valencia-presenta-la-alianza-contra-el-antigitanismo-a-la-generalitat-valenciana\/#primaryimage\",\"inLanguage\":\"es\",\"url\":\"https:\/\/plataformakhetane.org\/wp-content\/uploads\/2020\/02\/20-02-07-A.Iba\u0301n\u0303ez-Antigitanismo.jpg\",\"contentUrl\":\"https:\/\/plataformakhetane.org\/wp-content\/uploads\/2020\/02\/20-02-07-A.Iba\u0301n\u0303ez-Antigitanismo.jpg\",\"width\":2397,\"height\":1386},{\"@type\":\"WebPage\",\"@id\":\"https:\/\/plataformakhetane.org\/index.php\/2020\/02\/08\/la-plataforma-khetane-junto-con-faga-valencia-presenta-la-alianza-contra-el-antigitanismo-a-la-generalitat-valenciana\/#webpage\",\"url\":\"https:\/\/plataformakhetane.org\/index.php\/2020\/02\/08\/la-plataforma-khetane-junto-con-faga-valencia-presenta-la-alianza-contra-el-antigitanismo-a-la-generalitat-valenciana\/\",\"name\":\"La Plataforma Khetane, junto con FAGA Valencia, presenta la Alianza contra el Antigitanismo a la Generalitat Valenciana - Plataforma Khetane\",\"isPartOf\":{\"@id\":\"https:\/\/plataformakhetane.org\/#website\"},\"primaryImageOfPage\":{\"@id\":\"https:\/\/plataformakhetane.org\/index.php\/2020\/02\/08\/la-plataforma-khetane-junto-con-faga-valencia-presenta-la-alianza-contra-el-antigitanismo-a-la-generalitat-valenciana\/#primaryimage\"},\"datePublished\":\"2020-02-08T18:51:00+00:00\",\"dateModified\":\"2020-03-03T17:32:20+00:00\",\"author\":{\"@id\":\"https:\/\/plataformakhetane.org\/#\/schema\/person\/5bdfe07dfdc3db09fbf99f771e0c9017\"},\"breadcrumb\":{\"@id\":\"https:\/\/plataformakhetane.org\/index.php\/2020\/02\/08\/la-plataforma-khetane-junto-con-faga-valencia-presenta-la-alianza-contra-el-antigitanismo-a-la-generalitat-valenciana\/#breadcrumb\"},\"inLanguage\":\"es\",\"potentialAction\":[{\"@type\":\"ReadAction\",\"target\":[\"https:\/\/plataformakhetane.org\/index.php\/2020\/02\/08\/la-plataforma-khetane-junto-con-faga-valencia-presenta-la-alianza-contra-el-antigitanismo-a-la-generalitat-valenciana\/\"]}]},{\"@type\":\"BreadcrumbList\",\"@id\":\"https:\/\/plataformakhetane.org\/index.php\/2020\/02\/08\/la-plataforma-khetane-junto-con-faga-valencia-presenta-la-alianza-contra-el-antigitanismo-a-la-generalitat-valenciana\/#breadcrumb\",\"itemListElement\":[{\"@type\":\"ListItem\",\"position\":1,\"name\":\"Portada\",\"item\":\"https:\/\/plataformakhetane.org\/\"},{\"@type\":\"ListItem\",\"position\":2,\"name\":\"La Plataforma Khetane, junto con FAGA Valencia, presenta la Alianza contra el Antigitanismo a la Generalitat Valenciana\"}]},{\"@type\":\"Person\",\"@id\":\"https:\/\/plataformakhetane.org\/#\/schema\/person\/5bdfe07dfdc3db09fbf99f771e0c9017\",\"name\":\"Plataforma Khetane\",\"image\":{\"@type\":\"ImageObject\",\"@id\":\"https:\/\/plataformakhetane.org\/#personlogo\",\"inLanguage\":\"es\",\"url\":\"https:\/\/secure.gravatar.com\/avatar\/f76b19d860d0d844afbb6c94250ad7e2?s=96&d=mm&r=g\",\"contentUrl\":\"https:\/\/secure.gravatar.com\/avatar\/f76b19d860d0d844afbb6c94250ad7e2?s=96&d=mm&r=g\",\"caption\":\"Plataforma Khetane\"},\"sameAs\":[\"https:\/\/www.plataformakhetane.com\",\"https:\/\/www.facebook.com\/Plataforma-Khetane-1269848463031206\/\",\"https:\/\/www.instagram.com\/plataformakhetane\/\",\"https:\/\/twitter.com\/PlatafKhetane\",\"https:\/\/www.youtube.com\/channel\/UCpCq173gSHV2_e9fwbqtTwA\"],\"url\":\"https:\/\/plataformakhetane.org\/index.php\/author\/gitano1_webkhetane\/\"}]}<\/script>\n<!-- \/ Yoast SEO plugin. -->","yoast_head_json":{"title":"La Plataforma Khetane, junto con FAGA Valencia, presenta la Alianza contra el Antigitanismo a la Generalitat Valenciana - Plataforma Khetane","robots":{"index":"index","follow":"follow","max-snippet":"max-snippet:-1","max-image-preview":"max-image-preview:large","max-video-preview":"max-video-preview:-1"},"canonical":"https:\/\/plataformakhetane.org\/index.php\/2020\/02\/08\/la-plataforma-khetane-junto-con-faga-valencia-presenta-la-alianza-contra-el-antigitanismo-a-la-generalitat-valenciana\/","og_locale":"es_ES","og_type":"article","og_title":"La Plataforma Khetane, junto con FAGA Valencia, presenta la Alianza contra el Antigitanismo a la Generalitat Valenciana - Plataforma Khetane","og_description":"La Alianza Khetane contra el Antigitanismo, es una propuesta que se pretende levar a todas las Comunidades Aut\u00f3nomas, inici\u00f3 su andadura en la ciudad de Valencia El d\u00eda siete de febrero de 2020, la Plataforma Khetane, present\u00f3 en La Generalitat Valenciana su Alianza contra el Antigitanismo a la que asistieron por parte de la Instituci\u00f3n [&hellip;]","og_url":"https:\/\/plataformakhetane.org\/index.php\/2020\/02\/08\/la-plataforma-khetane-junto-con-faga-valencia-presenta-la-alianza-contra-el-antigitanismo-a-la-generalitat-valenciana\/","og_site_name":"Plataforma Khetane","article_author":"https:\/\/www.facebook.com\/Plataforma-Khetane-1269848463031206\/","article_published_time":"2020-02-08T18:51:00+00:00","article_modified_time":"2020-03-03T17:32:20+00:00","og_image":[{"width":2397,"height":1386,"url":"https:\/\/plataformakhetane.org\/wp-content\/uploads\/2020\/02\/20-02-07-A.Iba\u0301n\u0303ez-Antigitanismo.jpg","type":"image\/jpeg"}],"twitter_card":"summary","twitter_creator":"@PlatafKhetane","twitter_misc":{"Escrito por":"Plataforma Khetane","Tiempo de lectura":"3 minutos"},"schema":{"@context":"https:\/\/schema.org","@graph":[{"@type":"WebSite","@id":"https:\/\/plataformakhetane.org\/#website","url":"https:\/\/plataformakhetane.org\/","name":"Plataforma Khetane","description":"Movimiento Asociativo Gitano del Estado Espa\u00f1ol","potentialAction":[{"@type":"SearchAction","target":{"@type":"EntryPoint","urlTemplate":"https:\/\/plataformakhetane.org\/?s={search_term_string}"},"query-input":"required name=search_term_string"}],"inLanguage":"es"},{"@type":"ImageObject","@id":"https:\/\/plataformakhetane.org\/index.php\/2020\/02\/08\/la-plataforma-khetane-junto-con-faga-valencia-presenta-la-alianza-contra-el-antigitanismo-a-la-generalitat-valenciana\/#primaryimage","inLanguage":"es","url":"https:\/\/plataformakhetane.org\/wp-content\/uploads\/2020\/02\/20-02-07-A.Iba\u0301n\u0303ez-Antigitanismo.jpg","contentUrl":"https:\/\/plataformakhetane.org\/wp-content\/uploads\/2020\/02\/20-02-07-A.Iba\u0301n\u0303ez-Antigitanismo.jpg","width":2397,"height":1386},{"@type":"WebPage","@id":"https:\/\/plataformakhetane.org\/index.php\/2020\/02\/08\/la-plataforma-khetane-junto-con-faga-valencia-presenta-la-alianza-contra-el-antigitanismo-a-la-generalitat-valenciana\/#webpage","url":"https:\/\/plataformakhetane.org\/index.php\/2020\/02\/08\/la-plataforma-khetane-junto-con-faga-valencia-presenta-la-alianza-contra-el-antigitanismo-a-la-generalitat-valenciana\/","name":"La Plataforma Khetane, junto con FAGA Valencia, presenta la Alianza contra el Antigitanismo a la Generalitat Valenciana - Plataforma Khetane","isPartOf":{"@id":"https:\/\/plataformakhetane.org\/#website"},"primaryImageOfPage":{"@id":"https:\/\/plataformakhetane.org\/index.php\/2020\/02\/08\/la-plataforma-khetane-junto-con-faga-valencia-presenta-la-alianza-contra-el-antigitanismo-a-la-generalitat-valenciana\/#primaryimage"},"datePublished":"2020-02-08T18:51:00+00:00","dateModified":"2020-03-03T17:32:20+00:00","author":{"@id":"https:\/\/plataformakhetane.org\/#\/schema\/person\/5bdfe07dfdc3db09fbf99f771e0c9017"},"breadcrumb":{"@id":"https:\/\/plataformakhetane.org\/index.php\/2020\/02\/08\/la-plataforma-khetane-junto-con-faga-valencia-presenta-la-alianza-contra-el-antigitanismo-a-la-generalitat-valenciana\/#breadcrumb"},"inLanguage":"es","potentialAction":[{"@type":"ReadAction","target":["https:\/\/plataformakhetane.org\/index.php\/2020\/02\/08\/la-plataforma-khetane-junto-con-faga-valencia-presenta-la-alianza-contra-el-antigitanismo-a-la-generalitat-valenciana\/"]}]},{"@type":"BreadcrumbList","@id":"https:\/\/plataformakhetane.org\/index.php\/2020\/02\/08\/la-plataforma-khetane-junto-con-faga-valencia-presenta-la-alianza-contra-el-antigitanismo-a-la-generalitat-valenciana\/#breadcrumb","itemListElement":[{"@type":"ListItem","position":1,"name":"Portada","item":"https:\/\/plataformakhetane.org\/"},{"@type":"ListItem","position":2,"name":"La Plataforma Khetane, junto con FAGA Valencia, presenta la Alianza contra el Antigitanismo a la Generalitat Valenciana"}]},{"@type":"Person","@id":"https:\/\/plataformakhetane.org\/#\/schema\/person\/5bdfe07dfdc3db09fbf99f771e0c9017","name":"Plataforma Khetane","image":{"@type":"ImageObject","@id":"https:\/\/plataformakhetane.org\/#personlogo","inLanguage":"es","url":"https:\/\/secure.gravatar.com\/avatar\/f76b19d860d0d844afbb6c94250ad7e2?s=96&d=mm&r=g","contentUrl":"https:\/\/secure.gravatar.com\/avatar\/f76b19d860d0d844afbb6c94250ad7e2?s=96&d=mm&r=g","caption":"Plataforma Khetane"},"sameAs":["https:\/\/www.plataformakhetane.com","https:\/\/www.facebook.com\/Plataforma-Khetane-1269848463031206\/","https:\/\/www.instagram.com\/plataformakhetane\/","https:\/\/twitter.com\/PlatafKhetane","https:\/\/www.youtube.com\/channel\/UCpCq173gSHV2_e9fwbqtTwA"],"url":"https:\/\/plataformakhetane.org\/index.php\/author\/gitano1_webkhetane\/"}]}},"_links":{"self":[{"href":"https:\/\/plataformakhetane.org\/index.php\/wp-json\/wp\/v2\/posts\/3830"}],"collection":[{"href":"https:\/\/plataformakhetane.org\/index.php\/wp-json\/wp\/v2\/posts"}],"about":[{"href":"https:\/\/plataformakhetane.org\/index.php\/wp-json\/wp\/v2\/types\/post"}],"author":[{"embeddable":true,"href":"https:\/\/plataformakhetane.org\/index.php\/wp-json\/wp\/v2\/users\/1"}],"replies":[{"embeddable":true,"href":"https:\/\/plataformakhetane.org\/index.php\/wp-json\/wp\/v2\/comments?post=3830"}],"version-history":[{"count":5,"href":"https:\/\/plataformakhetane.org\/index.php\/wp-json\/wp\/v2\/posts\/3830\/revisions"}],"predecessor-version":[{"id":3837,"href":"https:\/\/plataformakhetane.org\/index.php\/wp-json\/wp\/v2\/posts\/3830\/revisions\/3837"}],"wp:featuredmedia":[{"embeddable":true,"href":"https:\/\/plataformakhetane.org\/index.php\/wp-json\/wp\/v2\/media\/3809"}],"wp:attachment":[{"href":"https:\/\/plataformakhetane.org\/index.php\/wp-json\/wp\/v2\/media?parent=3830"}],"wp:term":[{"taxonomy":"category","embeddable":true,"href":"https:\/\/plataformakhetane.org\/index.php\/wp-json\/wp\/v2\/categories?post=3830"},{"taxonomy":"post_tag","embeddable":true,"href":"https:\/\/plataformakhetane.org\/index.php\/wp-json\/wp\/v2\/tags?post=3830"}],"curies":[{"name":"wp","href":"https:\/\/api.w.org\/{rel}","templated":true}]}}