{"id":3076,"date":"2019-03-26T17:15:37","date_gmt":"2019-03-26T16:15:37","guid":{"rendered":"http:\/\/plataformakhetane.org\/?p=3076"},"modified":"2019-04-03T19:02:53","modified_gmt":"2019-04-03T17:02:53","slug":"la-reparacion-la-persecucion-y-el-pozo-de-vallecas","status":"publish","type":"post","link":"https:\/\/plataformakhetane.org\/index.php\/2019\/03\/26\/la-reparacion-la-persecucion-y-el-pozo-de-vallecas\/","title":{"rendered":"La reparaci\u00f3n, la persecuci\u00f3n y el pozo de Vallecas"},"content":{"rendered":"\n<h2>Los medios siembran la semilla del odio contra los nuestros avivando  la rabia, no persiguen justicia alguna, de hecho, probablemente el  asesinato de ese hombre les importe poco. Lo que hacen es se\u00f1alar la  gitanidad de los culpables, y lo hacen movidos por el desprecio que  sienten por nuestra humanidad como pueblo<\/h2>\n\n\n\n<p>Desde muy pronto, las sociedades de los estados naci\u00f3n europeos afrontaron la existencia roman\u00ed a trav\u00e9s de una din\u00e1mica aparentemente parad\u00f3jica que ha conseguido sumirnos en un estado debilitador de esquizofrenia y desorientaci\u00f3n colectiva: integrarnos y perseguirnos. Hoy en d\u00eda, seguimos percibiendo esta pulsi\u00f3n como la manifestaci\u00f3n irracional de un deseo de dominaci\u00f3n contradictorio, y ese precisamente es el gran error. Lo cierto es que no hay contradicci\u00f3n alguna, la integraci\u00f3n es una ret\u00f3rica retorcida que es racionalizada a trav\u00e9s de m\u00faltiples aparatos de control, vigilancia y disciplinamiento. La integraci\u00f3n justifica y legitima el deseo de acabar con una forma de estar en el mundo, de ah\u00ed que el racismo sea institucional y esto dirija nuestra atenci\u00f3n hacia el Estado.Un ciudadano com\u00fan no puede acabar con una forma de estar en el mundo por muchos prejuicios que albergue sobre la misma, necesita una fuerza descomunal, de una violencia demoledora que no est\u00e1 en sus manos. \u00bfD\u00f3nde descansa el monopolio de la violencia en el seno de la sociedad moderna? En el Estado, n\u00facleo nervioso del que emanan las instituciones y la fuerza coactiva por medio de la que las mismas se imponen. La persecuci\u00f3n es, por lo tanto, la expresi\u00f3n desacomplejada del deseo de terminar con una identidad (persecuci\u00f3n\/genocidio) cuando la primera estrategia no obtiene los resultados esperados (integraci\u00f3n\/epistemicidio).<\/p>\n\n\n\n<blockquote class=\"wp-block-quote\"><p>Al mismo tiempo que se dise\u00f1aba toda una maquinaria jur\u00eddica cuyo objetivo era obligarnos a trav\u00e9s de la fuerza coactiva del Estado a dejar de ser gitanos, se nos persegu\u00eda, encarcelaba y asesinaba si pretend\u00edamos seguir si\u00e9ndolo<\/p><\/blockquote>\n\n\n\n<p>Al mismo tiempo que se dise\u00f1aba toda una maquinaria jur\u00eddica cuyo \nobjetivo era obligarnos a trav\u00e9s de la fuerza coactiva del Estado a \ndejar de ser gitanos y transformarnos en siervos d\u00f3ciles de las \nadministraciones, la cultura dominante y el Reino \u2014integrarnos \u2014, se nos\n persegu\u00eda, mutilaba, azotaba encarcelaba y asesinaba si pretend\u00edamos \nseguir siendo gitanos \u2014aniquilarnos \u2014. Esta forma brutal de destruir \nnuestra humanidad consigui\u00f3 arraigar en la psicolog\u00eda social \nmayoritaria. Las instituciones comprendieron pronto que la sociedad \nmayoritaria pod\u00eda ser su aliada; de hecho, necesitaban esa alianza para \nlegitimarse como garantes de un orden bueno y deseable. Algo as\u00ed no debe\n ser perdido de vista, especialmente en la actualidad.Unas instituciones\n racistas perder\u00e1n poder si una poblaci\u00f3n entera se rebela contra sus \nm\u00e9todos y su ideolog\u00eda. As\u00ed, el Estado, en su papel patriarcal como \neducador y disciplinador de las masas, educa y crea una ciudadan\u00eda \nfuertemente jerarquizada a su imagen y semejanza posibilitando un nexo \nde dependencia imprescindible entre ambos (sociedad \u2013 Estado) que \ndesdibuja l\u00edmites simplistas y afianza definitivamente las relaciones de\n poder propias del mundo moderno. Al mismo tiempo, los elementos \nacomodados de esta ciudadan\u00eda jerarquizada reclaman, necesitan y rinden \nculto, ya sea expl\u00edcita o impl\u00edcitamente, a la existencia de un Estado, \nde un aparato de poder y de todos los privilegios derivados de los \nmismos. Las relaciones de poder en el seno de una sociedad moderna \ntrascienden as\u00ed el alcance material del Estado, entrando a formar parte \nde la vida social.<\/p>\n\n\n\n<h4>\u00bfLinchar los gitanos es justicia social?<\/h4>\n\n\n\n<p>Para nosotros, el privilegio se hereda no solo a trav\u00e9s del poder\u00edo \necon\u00f3mico, sino a trav\u00e9s de la identidad de los ancestros. Somos gitanos\n porque nuestros ancestros lo fueron y eso, en una sociedad como la \nnuestra, nos marcar\u00e1 hasta la muerte. No importa las falsas ilusiones \nque algunos de nosotros nos hagamos al conseguir determinadas cotas de \npoder en el mundo&nbsp;de los gach\u00e9. Para nuestro pueblo, la realidad seguir\u00e1\n estando regulada por la existencia del racismo, hasta que, por \nsupuesto, consigamos comenzar a ganar la batalla contra el mismo. Por \nmucho que desde ciertos sectores lo pretendan, el&nbsp;anti gitanismo&nbsp;no se \nacabar\u00e1 demostrando a la sociedad mayoritaria y al Estado, lo \nobedientes, buenos e inofensivos que somos los Roma; lo alejados que nos\n encontramos de sus prejuicios, estereotipos y t\u00f3picos sobre nosotros. \nAl asimilar esta mentira, aceptamos el&nbsp;antigitanismo&nbsp;y lo solidificamos \nen nuestro interior. El gach\u00f3 poderoso es bueno, y&nbsp;por eso, nos tratar\u00e1 \nbien si nosotros nos comportamos seg\u00fan lo que se espera de nosotros. \nCambiaremos la forma en la que&nbsp;los gach\u00e9&nbsp;nos ven si les demostramos lo \ncorrectos y buenos que somos. Pura mentira, triste expresi\u00f3n de una \ndignidad quebrada. En primer lugar, porque ese peligroso relato enfermo \nlleno de complejos apuntala el racismo haciendo de nosotros falsos \ninfantes, eternos angelitos morales dignos de fascinaci\u00f3n, responsables \n\u00faltimos del racismo que se practica contra nosotros desde hace \nsiglos.&nbsp;En segundo, y m\u00e1s importante, \u00bfqu\u00e9 ocurrir\u00e1 cuando alguno de \nnosotros traicionemos ese relato y se muestre definitivamente humano?&nbsp;<\/p>\n\n\n\n<p>Los gach\u00e9&nbsp;han escuchado condescendientemente ese \u201cmea culpa\u201d entonado  a coro. Les ha encantado escucharnos, les ha encantado&nbsp;ser convencidos  de que los gitanos tenemos valores, no todos somos como \u201cellos\u201d, \u201clos  otros\u201d, \u201clos malos\u201d. Adem\u00e1s, seguro que, en alg\u00fan momento, todos y cada  uno de ellos, se cruzaron con un buen gitano. Probablemente tuvieron un  amigo gitano en la infancia, y si no, seguro que alg\u00fan primo lo tiene,  incluso hasta habr\u00e1 alg\u00fan gitano respetable y educado en la familia.  \u00bfQu\u00e9 ocurrir\u00e1 cuando alguno de nosotros demuestre su vileza? \u00bfQu\u00e9  ocurrir\u00e1 cuando alguno de nosotros se equivoque? <\/p>\n\n\n\n<blockquote class=\"wp-block-quote\"><p>El respeto a la diferencia gitana no es un premio, sino un derecho. No podemos convertir en un premio lo que es un derecho inalienable<\/p><\/blockquote>\n\n\n\n<p>El respeto a la diferencia&nbsp;gitana no es un premio, sino un derecho. \nRepit\u00e1moslo, es importante: El respeto a la diferencia gitana no es un \npremio, sino un derecho. No podemos convertir en un premio lo que es un \nderecho inalienable. Porque cuando \u201cnos portemos mal\u201d, cuando no \ncumplamos las expectativas, pap\u00e1 estado volver\u00e1 a por nosotros, y lo \nhar\u00e1 con la ayuda de la masa enfervorecida. Porque as\u00ed es como hay que \ntratar a un mal gitano, hay que linchar a su familia al completo. \nSabemos educar a los malos gitanos porque se nos ha educado para ello a \nlo largo de los siglos: a los gitanos malos se les lincha en grupo.&nbsp;<\/p>\n\n\n\n<p>Lamentablemente la realidad social nos abofetea con fuerza para \ndemostrarnos cu\u00e1l sigue siendo nuestro lugar en el mundo y, para ello, \nnada m\u00e1s \u00fatil al estatus quo que la&nbsp;labor de determinados medios de \ncomunicaci\u00f3n. Hace unos d\u00edas, se celebraba un acto de reparaci\u00f3n \nsimb\u00f3lica a trav\u00e9s del&nbsp;cual, el Ayuntamiento de Madrid ped\u00eda excusas, \npor al tratamiento profesado hacia nuestros ancestros durante siglos en \ncompa\u00f1\u00eda de las reivindicaciones de muchos de nuestros compa\u00f1eros, \nhermanos y primos de batalla. Al mismo tiempo, se produc\u00eda un conflicto \nque desembocar\u00eda en un linchamiento colectivo y en \nla&nbsp;espectacularizaci\u00f3n&nbsp;medi\u00e1tica de lo acontecido. Ha sido altamente \naleccionador presenciar las declaraciones de Manuela Carmena sobre los \nhechos, precisamente tras participar en los actos de reparaci\u00f3n \nsimb\u00f3lica para el Pueblo Gitano: \u201cNo, eso no es racismo\u201d.&nbsp;<\/p>\n\n\n\n<p>Pero cada gitano, cada gitana frente al televisor viendo las im\u00e1genes\n de lo&nbsp;ocurrido ha experimentado lo mismo: miedo y rabia. Cada gitano, \ncada gitana frente al televisor ha vuelto a revivir una antigua \nrealidad, c\u00faspide de una amenaza siempre latente que acompa\u00f1a nuestro \ninconsciente colectivo desde hace siglos; ha escuchado los&nbsp;gritos y ha \nsentido los golpes de cerca; sabe que puede pasarle a \u00e9l si vive en el \nlugar incorrecto, si tiene el familiar equivocado. Los medios de \ncomunicaci\u00f3n han cumplido su papel a la perfecci\u00f3n,&nbsp;<em>ABC<\/em>,&nbsp;<em>La Vanguardia<\/em>,&nbsp;<em>Cuatro<\/em>,\n etc. Todos ellos han publicado titulares y noticias sensacionalmente \nracistas: \u201creyerta, clan gitano, asesinado por un gitano, familia de \netnia gitana\u2026\u201d&nbsp;<\/p>\n\n\n\n<p>Efectivamente, un hombre ha sido asesinado. Una familia ha sufrido la\n p\u00e9rdida injusta de un ser querido. Preguntamos a los medios&nbsp;de \ncomunicaci\u00f3n, \u00bfpor qu\u00e9 no dan la vuelta a los titulares para que se \nrefleje lo que realmente quieren transmitir, lo que realmente les \nirrita?: \u201cun hombre payo ha sido asesinado\u201d, \u201cuna familia paya ha sido \natacada\u201d. Es m\u00e1s f\u00e1cil invertirlo, lo contrario&nbsp;sonar\u00eda\u2026 \u00bfracista? \nUstedes siembran la semilla del odio contra los nuestros avivando la \nrabia, no persiguen justicia alguna, de hecho, probablemente el \nasesinato de ese hombre les importe poco. Lo que hacen es se\u00f1alar \nla&nbsp;gitanidad&nbsp;de los culpables, y lo hacen movidos por el desprecio que \nsienten por nuestra humanidad como pueblo. Esto es algo que comparten \ncon el resto de la sociedad mayoritaria, un antiguo desprecio por la \nhumanidad de los gitanos. Si se\u00f1alan la&nbsp;gitanidad&nbsp;del asesino se\u00f1alan la\n nuestra, \u00bfse han dado cuenta? No jueguen la baza del \u201cvictimismo\u201d, es \npura ingenier\u00eda social. Al se\u00f1alar la&nbsp;gitanidad&nbsp;del asesino nos hacen a \ntodos responsables directos de lo ocurrido, nos ponen en el candelero y \npor eso merecemos ser linchados en grupo, no juzgados como individuos. \nPorque lo \u00fanico que todos y todas las gitanas del mundo compartimos, a \npesar de todas las diferencias, es eso: nuestra&nbsp;gitanidad. As\u00ed, cada vez\n que ustedes la mencionan, cada vez que ustedes la vuelven a poner en el\n banquillo de los acusados y la asedian, nos asedian a todos nosotros, \ndebati\u00e9ndonos entre la eterna necesidad de defendernos, justificarnos: \n\u201cno todos somos iguales, condenamos lo que ha ocurrido\u201d, y la voluntad \nde hablarles claro y con dignidad: \u201custedes son responsables \ndel&nbsp;racismo\u201d&nbsp;<\/p>\n\n\n\n<p>Ya no sonr\u00eden los gach\u00e9 complacidos, ahora est\u00e1n rojos de ira,  irritados. No nos ha servido el buen relato sobre nuestra inocencia ni  la reparaci\u00f3n simb\u00f3lica. Los gach\u00e9, payos de barrio, con  dificultades econ\u00f3micas y familias humildes, nos quieren dar una  lecci\u00f3n. Los cr\u00edticos de la clase no saben qu\u00e9 decir y una gran mayor\u00eda  piensa en voz alta lo mismo: \u201cEs lo justo, han asesinado a un hombre. Es  una familia problem\u00e1tica.\u201d Mientras, los titulares, las noticias, los  medios de comunicaci\u00f3n, nos revienten los t\u00edmpanos, nos machacan la  cabeza, record\u00e1ndonos, una y otra vez, lo que no se nos debe olvidar:  \u201c\u00a1GITANOS!\u201d<\/p>\n\n\n\n<figure class=\"wp-block-embed-youtube wp-block-embed is-type-video is-provider-youtube wp-embed-aspect-16-9 wp-has-aspect-ratio\"><div class=\"wp-block-embed__wrapper\">\n<iframe loading=\"lazy\" width=\"1080\" height=\"608\" src=\"https:\/\/www.youtube.com\/embed\/RlyYr4nXgiU?feature=oembed\" frameborder=\"0\" allow=\"accelerometer; autoplay; encrypted-media; gyroscope; picture-in-picture\" allowfullscreen><\/iframe>\n<\/div><figcaption>Vergonzosa manifestaci\u00f3n racista donde algunos vecinos de El Pozo del T\u00edo Raimundo, en Madrid, intentan quemar casas donde viven personas gitanas.<\/figcaption><\/figure>\n\n\n\n<p>Foto: Kale Amenge<\/p>\n\n\n\n<p style=\"text-align:right\"><a href=\"https:\/\/www.elsaltodiario.com\/antigitanismo\/la-reparacion-la-persecucion-y-el-pozo-de-vallecas\" target=\"_blank\" rel=\"noreferrer noopener\" aria-label=\"El Salto (abre en una nueva pesta\u00f1a)\">El Salto<\/a><\/p>\n<span class=\"et_bloom_bottom_trigger\"><\/span>","protected":false},"excerpt":{"rendered":"<p>Los medios siembran la semilla del odio contra los nuestros avivando la rabia, no persiguen justicia alguna, de hecho, probablemente el asesinato de ese hombre les importe poco. Lo que hacen es se\u00f1alar la gitanidad de los culpables, y lo hacen movidos por el desprecio que sienten por nuestra humanidad como pueblo Desde muy pronto, [&hellip;]<\/p>\n","protected":false},"author":1,"featured_media":3077,"comment_status":"open","ping_status":"open","sticky":false,"template":"","format":"standard","meta":{"_et_pb_use_builder":"off","_et_pb_old_content":"","_et_gb_content_width":"","_mi_skip_tracking":false,"_exactmetrics_sitenote_active":false,"_exactmetrics_sitenote_note":"","_exactmetrics_sitenote_category":0},"categories":[5,28],"tags":[],"yoast_head":"<!-- This site is optimized with the Yoast SEO plugin v18.5.1 - https:\/\/yoast.com\/wordpress\/plugins\/seo\/ -->\n<title>La reparaci\u00f3n, la persecuci\u00f3n y el pozo de Vallecas - Plataforma Khetane<\/title>\n<meta name=\"robots\" content=\"index, follow, max-snippet:-1, max-image-preview:large, max-video-preview:-1\" \/>\n<link rel=\"canonical\" href=\"https:\/\/plataformakhetane.org\/index.php\/2019\/03\/26\/la-reparacion-la-persecucion-y-el-pozo-de-vallecas\/\" \/>\n<meta property=\"og:locale\" content=\"es_ES\" \/>\n<meta property=\"og:type\" content=\"article\" \/>\n<meta property=\"og:title\" content=\"La reparaci\u00f3n, la persecuci\u00f3n y el pozo de Vallecas - Plataforma Khetane\" \/>\n<meta property=\"og:description\" content=\"Los medios siembran la semilla del odio contra los nuestros avivando la rabia, no persiguen justicia alguna, de hecho, probablemente el asesinato de ese hombre les importe poco. Lo que hacen es se\u00f1alar la gitanidad de los culpables, y lo hacen movidos por el desprecio que sienten por nuestra humanidad como pueblo Desde muy pronto, [&hellip;]\" \/>\n<meta property=\"og:url\" content=\"https:\/\/plataformakhetane.org\/index.php\/2019\/03\/26\/la-reparacion-la-persecucion-y-el-pozo-de-vallecas\/\" \/>\n<meta property=\"og:site_name\" content=\"Plataforma Khetane\" \/>\n<meta property=\"article:author\" content=\"https:\/\/www.facebook.com\/Plataforma-Khetane-1269848463031206\/\" \/>\n<meta property=\"article:published_time\" content=\"2019-03-26T16:15:37+00:00\" \/>\n<meta property=\"article:modified_time\" content=\"2019-04-03T17:02:53+00:00\" \/>\n<meta property=\"og:image\" content=\"https:\/\/plataformakhetane.org\/wp-content\/uploads\/2019\/03\/Contra-el-Racismo.png\" \/>\n\t<meta property=\"og:image:width\" content=\"853\" \/>\n\t<meta property=\"og:image:height\" content=\"571\" \/>\n\t<meta property=\"og:image:type\" content=\"image\/png\" \/>\n<meta name=\"twitter:card\" content=\"summary\" \/>\n<meta name=\"twitter:creator\" content=\"@PlatafKhetane\" \/>\n<meta name=\"twitter:label1\" content=\"Escrito por\" \/>\n\t<meta name=\"twitter:data1\" content=\"Plataforma Khetane\" \/>\n\t<meta name=\"twitter:label2\" content=\"Tiempo de lectura\" \/>\n\t<meta name=\"twitter:data2\" content=\"9 minutos\" \/>\n<script type=\"application\/ld+json\" class=\"yoast-schema-graph\">{\"@context\":\"https:\/\/schema.org\",\"@graph\":[{\"@type\":\"WebSite\",\"@id\":\"https:\/\/plataformakhetane.org\/#website\",\"url\":\"https:\/\/plataformakhetane.org\/\",\"name\":\"Plataforma Khetane\",\"description\":\"Movimiento Asociativo Gitano del Estado Espa\u00f1ol\",\"potentialAction\":[{\"@type\":\"SearchAction\",\"target\":{\"@type\":\"EntryPoint\",\"urlTemplate\":\"https:\/\/plataformakhetane.org\/?s={search_term_string}\"},\"query-input\":\"required name=search_term_string\"}],\"inLanguage\":\"es\"},{\"@type\":\"ImageObject\",\"@id\":\"https:\/\/plataformakhetane.org\/index.php\/2019\/03\/26\/la-reparacion-la-persecucion-y-el-pozo-de-vallecas\/#primaryimage\",\"inLanguage\":\"es\",\"url\":\"https:\/\/plataformakhetane.org\/wp-content\/uploads\/2019\/03\/Contra-el-Racismo.png\",\"contentUrl\":\"https:\/\/plataformakhetane.org\/wp-content\/uploads\/2019\/03\/Contra-el-Racismo.png\",\"width\":853,\"height\":571},{\"@type\":\"WebPage\",\"@id\":\"https:\/\/plataformakhetane.org\/index.php\/2019\/03\/26\/la-reparacion-la-persecucion-y-el-pozo-de-vallecas\/#webpage\",\"url\":\"https:\/\/plataformakhetane.org\/index.php\/2019\/03\/26\/la-reparacion-la-persecucion-y-el-pozo-de-vallecas\/\",\"name\":\"La reparaci\u00f3n, la persecuci\u00f3n y el pozo de Vallecas - Plataforma Khetane\",\"isPartOf\":{\"@id\":\"https:\/\/plataformakhetane.org\/#website\"},\"primaryImageOfPage\":{\"@id\":\"https:\/\/plataformakhetane.org\/index.php\/2019\/03\/26\/la-reparacion-la-persecucion-y-el-pozo-de-vallecas\/#primaryimage\"},\"datePublished\":\"2019-03-26T16:15:37+00:00\",\"dateModified\":\"2019-04-03T17:02:53+00:00\",\"author\":{\"@id\":\"https:\/\/plataformakhetane.org\/#\/schema\/person\/5bdfe07dfdc3db09fbf99f771e0c9017\"},\"breadcrumb\":{\"@id\":\"https:\/\/plataformakhetane.org\/index.php\/2019\/03\/26\/la-reparacion-la-persecucion-y-el-pozo-de-vallecas\/#breadcrumb\"},\"inLanguage\":\"es\",\"potentialAction\":[{\"@type\":\"ReadAction\",\"target\":[\"https:\/\/plataformakhetane.org\/index.php\/2019\/03\/26\/la-reparacion-la-persecucion-y-el-pozo-de-vallecas\/\"]}]},{\"@type\":\"BreadcrumbList\",\"@id\":\"https:\/\/plataformakhetane.org\/index.php\/2019\/03\/26\/la-reparacion-la-persecucion-y-el-pozo-de-vallecas\/#breadcrumb\",\"itemListElement\":[{\"@type\":\"ListItem\",\"position\":1,\"name\":\"Portada\",\"item\":\"https:\/\/plataformakhetane.org\/\"},{\"@type\":\"ListItem\",\"position\":2,\"name\":\"La reparaci\u00f3n, la persecuci\u00f3n y el pozo de Vallecas\"}]},{\"@type\":\"Person\",\"@id\":\"https:\/\/plataformakhetane.org\/#\/schema\/person\/5bdfe07dfdc3db09fbf99f771e0c9017\",\"name\":\"Plataforma Khetane\",\"image\":{\"@type\":\"ImageObject\",\"@id\":\"https:\/\/plataformakhetane.org\/#personlogo\",\"inLanguage\":\"es\",\"url\":\"https:\/\/secure.gravatar.com\/avatar\/f76b19d860d0d844afbb6c94250ad7e2?s=96&d=mm&r=g\",\"contentUrl\":\"https:\/\/secure.gravatar.com\/avatar\/f76b19d860d0d844afbb6c94250ad7e2?s=96&d=mm&r=g\",\"caption\":\"Plataforma Khetane\"},\"sameAs\":[\"https:\/\/www.plataformakhetane.com\",\"https:\/\/www.facebook.com\/Plataforma-Khetane-1269848463031206\/\",\"https:\/\/www.instagram.com\/plataformakhetane\/\",\"https:\/\/twitter.com\/PlatafKhetane\",\"https:\/\/www.youtube.com\/channel\/UCpCq173gSHV2_e9fwbqtTwA\"],\"url\":\"https:\/\/plataformakhetane.org\/index.php\/author\/gitano1_webkhetane\/\"}]}<\/script>\n<!-- \/ Yoast SEO plugin. -->","yoast_head_json":{"title":"La reparaci\u00f3n, la persecuci\u00f3n y el pozo de Vallecas - Plataforma Khetane","robots":{"index":"index","follow":"follow","max-snippet":"max-snippet:-1","max-image-preview":"max-image-preview:large","max-video-preview":"max-video-preview:-1"},"canonical":"https:\/\/plataformakhetane.org\/index.php\/2019\/03\/26\/la-reparacion-la-persecucion-y-el-pozo-de-vallecas\/","og_locale":"es_ES","og_type":"article","og_title":"La reparaci\u00f3n, la persecuci\u00f3n y el pozo de Vallecas - Plataforma Khetane","og_description":"Los medios siembran la semilla del odio contra los nuestros avivando la rabia, no persiguen justicia alguna, de hecho, probablemente el asesinato de ese hombre les importe poco. Lo que hacen es se\u00f1alar la gitanidad de los culpables, y lo hacen movidos por el desprecio que sienten por nuestra humanidad como pueblo Desde muy pronto, [&hellip;]","og_url":"https:\/\/plataformakhetane.org\/index.php\/2019\/03\/26\/la-reparacion-la-persecucion-y-el-pozo-de-vallecas\/","og_site_name":"Plataforma Khetane","article_author":"https:\/\/www.facebook.com\/Plataforma-Khetane-1269848463031206\/","article_published_time":"2019-03-26T16:15:37+00:00","article_modified_time":"2019-04-03T17:02:53+00:00","og_image":[{"width":853,"height":571,"url":"https:\/\/plataformakhetane.org\/wp-content\/uploads\/2019\/03\/Contra-el-Racismo.png","type":"image\/png"}],"twitter_card":"summary","twitter_creator":"@PlatafKhetane","twitter_misc":{"Escrito por":"Plataforma Khetane","Tiempo de lectura":"9 minutos"},"schema":{"@context":"https:\/\/schema.org","@graph":[{"@type":"WebSite","@id":"https:\/\/plataformakhetane.org\/#website","url":"https:\/\/plataformakhetane.org\/","name":"Plataforma Khetane","description":"Movimiento Asociativo Gitano del Estado Espa\u00f1ol","potentialAction":[{"@type":"SearchAction","target":{"@type":"EntryPoint","urlTemplate":"https:\/\/plataformakhetane.org\/?s={search_term_string}"},"query-input":"required name=search_term_string"}],"inLanguage":"es"},{"@type":"ImageObject","@id":"https:\/\/plataformakhetane.org\/index.php\/2019\/03\/26\/la-reparacion-la-persecucion-y-el-pozo-de-vallecas\/#primaryimage","inLanguage":"es","url":"https:\/\/plataformakhetane.org\/wp-content\/uploads\/2019\/03\/Contra-el-Racismo.png","contentUrl":"https:\/\/plataformakhetane.org\/wp-content\/uploads\/2019\/03\/Contra-el-Racismo.png","width":853,"height":571},{"@type":"WebPage","@id":"https:\/\/plataformakhetane.org\/index.php\/2019\/03\/26\/la-reparacion-la-persecucion-y-el-pozo-de-vallecas\/#webpage","url":"https:\/\/plataformakhetane.org\/index.php\/2019\/03\/26\/la-reparacion-la-persecucion-y-el-pozo-de-vallecas\/","name":"La reparaci\u00f3n, la persecuci\u00f3n y el pozo de Vallecas - Plataforma Khetane","isPartOf":{"@id":"https:\/\/plataformakhetane.org\/#website"},"primaryImageOfPage":{"@id":"https:\/\/plataformakhetane.org\/index.php\/2019\/03\/26\/la-reparacion-la-persecucion-y-el-pozo-de-vallecas\/#primaryimage"},"datePublished":"2019-03-26T16:15:37+00:00","dateModified":"2019-04-03T17:02:53+00:00","author":{"@id":"https:\/\/plataformakhetane.org\/#\/schema\/person\/5bdfe07dfdc3db09fbf99f771e0c9017"},"breadcrumb":{"@id":"https:\/\/plataformakhetane.org\/index.php\/2019\/03\/26\/la-reparacion-la-persecucion-y-el-pozo-de-vallecas\/#breadcrumb"},"inLanguage":"es","potentialAction":[{"@type":"ReadAction","target":["https:\/\/plataformakhetane.org\/index.php\/2019\/03\/26\/la-reparacion-la-persecucion-y-el-pozo-de-vallecas\/"]}]},{"@type":"BreadcrumbList","@id":"https:\/\/plataformakhetane.org\/index.php\/2019\/03\/26\/la-reparacion-la-persecucion-y-el-pozo-de-vallecas\/#breadcrumb","itemListElement":[{"@type":"ListItem","position":1,"name":"Portada","item":"https:\/\/plataformakhetane.org\/"},{"@type":"ListItem","position":2,"name":"La reparaci\u00f3n, la persecuci\u00f3n y el pozo de Vallecas"}]},{"@type":"Person","@id":"https:\/\/plataformakhetane.org\/#\/schema\/person\/5bdfe07dfdc3db09fbf99f771e0c9017","name":"Plataforma Khetane","image":{"@type":"ImageObject","@id":"https:\/\/plataformakhetane.org\/#personlogo","inLanguage":"es","url":"https:\/\/secure.gravatar.com\/avatar\/f76b19d860d0d844afbb6c94250ad7e2?s=96&d=mm&r=g","contentUrl":"https:\/\/secure.gravatar.com\/avatar\/f76b19d860d0d844afbb6c94250ad7e2?s=96&d=mm&r=g","caption":"Plataforma Khetane"},"sameAs":["https:\/\/www.plataformakhetane.com","https:\/\/www.facebook.com\/Plataforma-Khetane-1269848463031206\/","https:\/\/www.instagram.com\/plataformakhetane\/","https:\/\/twitter.com\/PlatafKhetane","https:\/\/www.youtube.com\/channel\/UCpCq173gSHV2_e9fwbqtTwA"],"url":"https:\/\/plataformakhetane.org\/index.php\/author\/gitano1_webkhetane\/"}]}},"_links":{"self":[{"href":"https:\/\/plataformakhetane.org\/index.php\/wp-json\/wp\/v2\/posts\/3076"}],"collection":[{"href":"https:\/\/plataformakhetane.org\/index.php\/wp-json\/wp\/v2\/posts"}],"about":[{"href":"https:\/\/plataformakhetane.org\/index.php\/wp-json\/wp\/v2\/types\/post"}],"author":[{"embeddable":true,"href":"https:\/\/plataformakhetane.org\/index.php\/wp-json\/wp\/v2\/users\/1"}],"replies":[{"embeddable":true,"href":"https:\/\/plataformakhetane.org\/index.php\/wp-json\/wp\/v2\/comments?post=3076"}],"version-history":[{"count":3,"href":"https:\/\/plataformakhetane.org\/index.php\/wp-json\/wp\/v2\/posts\/3076\/revisions"}],"predecessor-version":[{"id":3213,"href":"https:\/\/plataformakhetane.org\/index.php\/wp-json\/wp\/v2\/posts\/3076\/revisions\/3213"}],"wp:featuredmedia":[{"embeddable":true,"href":"https:\/\/plataformakhetane.org\/index.php\/wp-json\/wp\/v2\/media\/3077"}],"wp:attachment":[{"href":"https:\/\/plataformakhetane.org\/index.php\/wp-json\/wp\/v2\/media?parent=3076"}],"wp:term":[{"taxonomy":"category","embeddable":true,"href":"https:\/\/plataformakhetane.org\/index.php\/wp-json\/wp\/v2\/categories?post=3076"},{"taxonomy":"post_tag","embeddable":true,"href":"https:\/\/plataformakhetane.org\/index.php\/wp-json\/wp\/v2\/tags?post=3076"}],"curies":[{"name":"wp","href":"https:\/\/api.w.org\/{rel}","templated":true}]}}