{"id":2725,"date":"2019-03-20T11:50:48","date_gmt":"2019-03-20T10:50:48","guid":{"rendered":"http:\/\/plataformakhetane.org\/?p=2725"},"modified":"2019-03-21T15:11:39","modified_gmt":"2019-03-21T14:11:39","slug":"acto-institucional-del-ayuntamiento-de-madrid-de-reparacion-con-el-pueblo-gitano-en-el-520-aniversario-de-la-pragmatica-de-los-reyes-catolicos","status":"publish","type":"post","link":"https:\/\/plataformakhetane.org\/index.php\/2019\/03\/20\/acto-institucional-del-ayuntamiento-de-madrid-de-reparacion-con-el-pueblo-gitano-en-el-520-aniversario-de-la-pragmatica-de-los-reyes-catolicos\/","title":{"rendered":"El simbolismo que repara al Pueblo Gitano"},"content":{"rendered":"\n<p>Hoy es un d\u00eda hist\u00f3rico para el Pueblo Gitano con este acto que esperamos que genere el efecto bola de nieve para que otras instituciones impulsen procesos de reparaci\u00f3n de nuestro Pueblo. El Ayuntamiento de Madrid hace un acto simb\u00f3lico de reparaci\u00f3n con nuestro Pueblo en el 520 aniversario de la firma de la pragm\u00e1tica de los Reyes Cat\u00f3licos. <\/p>\n\n\n\n<p>Pedir perd\u00f3n por siglos de represi\u00f3n dignifica a quien lo hace, y si esto pasa a ser algo m\u00e1s que un acto simb\u00f3lico, fuera de electoralismos baratos y vac\u00edos e instrumentalizaciones de una causa tan justa y esperada, se puede transformar en un punto de inicio que culmine en la implementaci\u00f3n de verdaderas pol\u00edticas de reparaci\u00f3n, tangibles, concretas y evaluables, que pueden cambiar la situaci\u00f3n de ostracismo en el que viven los gitanas y gitanos en Espa\u00f1a y en Europa.<\/p>\n\n\n\n<blockquote class=\"wp-block-quote\"><p><strong>Pedir perd\u00f3n por siglos de represi\u00f3n dignifica a quien lo hace<\/strong><\/p><\/blockquote>\n\n\n\n<p>Esperamos este acto con anhelo y un punto de ansiedad. La ansiedad de quien tiene prisa de justicia por haberla esperado hasta desesperar. Anhelo de encontrar gobernantes que se despojen de encors\u00e9tamientos y encuentren en el di\u00e1logo con los gitanos y las gitanas, una fuente de conocimiento y esperanza, que puede ser, s\u00f3lo puede ser, ayude a la sociedad paya a repensarse sin ser la negaci\u00f3n de la otredad.<\/p>\n\n\n\n<blockquote class=\"wp-block-quote\"><p><strong>Tiene una empresa muy dif\u00edcil Sra. Carmena, porque estamos seguros que a pesar de emocionarnos con sus palabras, no tendremos suficiente. Querremos m\u00e1s, mucho m\u00e1s. Hay mucho que reparar do\u00f1a Manuela<\/strong><\/p><\/blockquote>\n\n\n\n<p>La utop\u00eda es necesaria aunque a veces no sea entendida. Escucharemos con respeto, respeto gitano. Tiene una empresa muy dif\u00edcil Sra. Carmena, porque estamos seguros que a pesar de emocionarnos con sus palabras, no tendremos suficiente. Querremos m\u00e1s, mucho m\u00e1s. Hay mucho que reparar do\u00f1a Manuela. <\/p>\n\n\n\n<p>Para ustedes los payos y las payas lo online es suficiente, para nosotros los gitanos y las gitanas absolutamente no. Necesitamos algo m\u00e1s tangible para que tenga credibilidad ante los nuestros. Algo m\u00e1s que un link. Algo que podamos decirles a nuestras mujeres y hombres, que este o aquel  documento oficial es el inicio de un futuro m\u00e1s digno para nuestros hijos e hijas. No ha sido posible. A\u00fan as\u00ed nos conformamos con o\u00edrla. Lo hemos hecho durante siglos. O\u00edrles. Cuando todos y todas aprendamos a escucharnos, quiz\u00e1s cambien las cosas y el antigitanismo empiece a torcer sus fuertes brazos, que tan duro nos pegan, tambi\u00e9n en Madrid.<\/p>\n\n\n\n<p>Pedir perd\u00f3n es comprender y asumir nuestra desconfianza. Est\u00e1 m\u00e1s que justificada. Es m\u00e1s, es necesaria. Estamos seguros que usted no quiere tenernos como interlocutores sumisos y complacientes con el poder. Tampoco con el suyo. Har\u00e1 falta mucho di\u00e1logo, que ustedes, se\u00f1ores y se\u00f1oras payas se desprendan de paternalismos y de superioridades morales que son la expresi\u00f3n contempor\u00e1nea de la brutalidad de la represi\u00f3n de otros tiempos. Son ustedes los que tienen deudas con nosotros. Nos deben justicia, nos deben la dignidad arrebatada, nos deben nuestra lengua arrancada, nos deben los futuros frustrados, nos deben los muertos, las asesinadas solo por romper su orden \u00e9tnico criminalmente establecido. Esperaremos y veremos. De momento nos queda su v\u00eddeo. Bienvenido sea.<\/p>\n\n\n\n<blockquote class=\"wp-block-quote\"><p><strong>Nos deben justicia, nos deben la dignidad arrebatada, nos deben nuestra lengua arrancada, nos deben los futuros frustrados, nos deben los muertos, las asesinadas solo por romper su orden \u00e9tnico criminalmente establecido<\/strong><\/p><\/blockquote>\n\n\n\n<p>En este acto, nuestra Plataforma estar\u00e1 presente de muchas formas. Con nuestra obstinada y a veces visceral participaci\u00f3n en la mesa creada para la organizaci\u00f3n de este acto simb\u00f3lico, con nuestro lideres en la platea, algunas de ellas y ellos viejos luchadores por las libertades y la dignidad de las personas gitanas y las no gitanas tambi\u00e9n, con la juventud, la inteligencia y la fuerza de Elia Mart\u00ednez Ca\u00f1adas leyendo, con el arte y la voz de Celia Montoya Montoya interpretando solo como ella sabe hacerlo, con todos y cada uno de los participantes en el acto, tambi\u00e9n con usted Sra. Alcaldesa &#8230; pero sobretodo con la rebeld\u00eda y la dignidad de nuestros ancestros. La rebeldia gitana. Les toca entenderla y asumirla.<\/p>\n\n\n\n<blockquote class=\"wp-block-quote\"><p><strong>En este acto, nuestra Plataforma estar\u00e1 presente de muchas formas &#8230; con la juventud, la inteligencia y la fuerza de Elia Mart\u00ednez Ca\u00f1adas leyendo, con el arte y la voz de Celia Montoya Montoya interpretando solo como ella sabe hacerlo, con todos y cada uno de los participantes en el acto, tambi\u00e9n con usted Sra. Alcaldesa &#8230; pero sobretodo con la rebeld\u00eda y la dignidad de nuestros ancestros. La rebeldia gitana. Les toca entenderla y asumirla<\/strong><\/p><\/blockquote>\n\n\n\n<p>Veamos pues el valioso v\u00eddeo documento de la Excelent\u00edsima Alcaldesa de Madrid. Disfrutemos de este momento, desde el agradecimiento y la exigencia. El uno sin el otra simplemente es la sinraz\u00f3n paya.<\/p>\n\n\n\n<p><strong>Art\u00edculo de I\u00f1aki V\u00e1zquez, <\/strong><strong>Coordinador General de la <\/strong><a rel=\"noreferrer noopener\" aria-label=\"Plataforma Khetane. (abre en una nueva pesta\u00f1a)\" href=\"http:\/\/plataformakhetane.org\" target=\"_blank\"><strong>Plataforma Khetane.<\/strong><\/a><\/p>\n\n\n\n<figure class=\"wp-block-embed-youtube wp-block-embed is-type-video is-provider-youtube wp-embed-aspect-16-9 wp-has-aspect-ratio\"><div class=\"wp-block-embed__wrapper\">\n<iframe loading=\"lazy\" width=\"1080\" height=\"608\" src=\"https:\/\/www.youtube.com\/embed\/X-N2YG6OX2U?feature=oembed\" frameborder=\"0\" allow=\"accelerometer; autoplay; encrypted-media; gyroscope; picture-in-picture\" allowfullscreen><\/iframe>\n<\/div><\/figure>\n\n\n\n<div class=\"wp-block-image\"><figure class=\"alignleft\"><img loading=\"lazy\" width=\"750\" height=\"400\" src=\"http:\/\/plataformakhetane.org\/wp-content\/uploads\/2019\/03\/9B207256-AE36-4CA8-84C9-2974BDB16120.jpeg\" alt=\"\" class=\"wp-image-2730\" srcset=\"https:\/\/plataformakhetane.org\/wp-content\/uploads\/2019\/03\/9B207256-AE36-4CA8-84C9-2974BDB16120.jpeg 750w, https:\/\/plataformakhetane.org\/wp-content\/uploads\/2019\/03\/9B207256-AE36-4CA8-84C9-2974BDB16120-300x160.jpeg 300w\" sizes=\"(max-width: 750px) 100vw, 750px\" \/><figcaption>Pragm\u00e1tica de Madrid de 1499, firmada por los Reyes Cat\u00f3licos.<\/figcaption><\/figure><\/div>\n\n\n\n<p style=\"text-align:center\"><a href=\"https:\/\/youtu.be\/X-N2YG6OX2U\" target=\"_blank\" rel=\"noreferrer noopener\" aria-label=\"video&nbsp;en&nbsp;directo (abre en una nueva pesta\u00f1a)\">video&nbsp;en&nbsp;directo<\/a><br><\/p>\n<span class=\"et_bloom_bottom_trigger\"><\/span>","protected":false},"excerpt":{"rendered":"<p>Hoy es un d\u00eda hist\u00f3rico para el Pueblo Gitano con este acto que esperamos que genere el efecto bola de nieve para que otras instituciones impulsen procesos de reparaci\u00f3n de nuestro Pueblo. El Ayuntamiento de Madrid hace un acto simb\u00f3lico de reparaci\u00f3n con nuestro Pueblo en el 520 aniversario de la firma de la pragm\u00e1tica [&hellip;]<\/p>\n","protected":false},"author":1,"featured_media":2726,"comment_status":"open","ping_status":"open","sticky":false,"template":"","format":"standard","meta":{"_et_pb_use_builder":"","_et_pb_old_content":"","_et_gb_content_width":"","_mi_skip_tracking":false,"_exactmetrics_sitenote_active":false,"_exactmetrics_sitenote_note":"","_exactmetrics_sitenote_category":0},"categories":[6],"tags":[],"yoast_head":"<!-- This site is optimized with the Yoast SEO plugin v18.5.1 - https:\/\/yoast.com\/wordpress\/plugins\/seo\/ -->\n<title>El simbolismo que repara al Pueblo Gitano - Plataforma Khetane<\/title>\n<meta name=\"robots\" content=\"index, follow, max-snippet:-1, max-image-preview:large, max-video-preview:-1\" \/>\n<link rel=\"canonical\" href=\"https:\/\/plataformakhetane.org\/index.php\/2019\/03\/20\/acto-institucional-del-ayuntamiento-de-madrid-de-reparacion-con-el-pueblo-gitano-en-el-520-aniversario-de-la-pragmatica-de-los-reyes-catolicos\/\" \/>\n<meta property=\"og:locale\" content=\"es_ES\" \/>\n<meta property=\"og:type\" content=\"article\" \/>\n<meta property=\"og:title\" content=\"El simbolismo que repara al Pueblo Gitano - Plataforma Khetane\" \/>\n<meta property=\"og:description\" content=\"Hoy es un d\u00eda hist\u00f3rico para el Pueblo Gitano con este acto que esperamos que genere el efecto bola de nieve para que otras instituciones impulsen procesos de reparaci\u00f3n de nuestro Pueblo. El Ayuntamiento de Madrid hace un acto simb\u00f3lico de reparaci\u00f3n con nuestro Pueblo en el 520 aniversario de la firma de la pragm\u00e1tica [&hellip;]\" \/>\n<meta property=\"og:url\" content=\"https:\/\/plataformakhetane.org\/index.php\/2019\/03\/20\/acto-institucional-del-ayuntamiento-de-madrid-de-reparacion-con-el-pueblo-gitano-en-el-520-aniversario-de-la-pragmatica-de-los-reyes-catolicos\/\" \/>\n<meta property=\"og:site_name\" content=\"Plataforma Khetane\" \/>\n<meta property=\"article:author\" content=\"https:\/\/www.facebook.com\/Plataforma-Khetane-1269848463031206\/\" \/>\n<meta property=\"article:published_time\" content=\"2019-03-20T10:50:48+00:00\" \/>\n<meta property=\"article:modified_time\" content=\"2019-03-21T14:11:39+00:00\" \/>\n<meta property=\"og:image\" content=\"https:\/\/plataformakhetane.org\/wp-content\/uploads\/2019\/03\/270DEBC7-9819-4D87-BD32-C2C5F6C2B5B9.jpeg\" \/>\n\t<meta property=\"og:image:width\" content=\"400\" \/>\n\t<meta property=\"og:image:height\" content=\"279\" \/>\n\t<meta property=\"og:image:type\" content=\"image\/jpeg\" \/>\n<meta name=\"twitter:card\" content=\"summary\" \/>\n<meta name=\"twitter:creator\" content=\"@PlatafKhetane\" \/>\n<meta name=\"twitter:label1\" content=\"Escrito por\" \/>\n\t<meta name=\"twitter:data1\" content=\"Plataforma Khetane\" \/>\n\t<meta name=\"twitter:label2\" content=\"Tiempo de lectura\" \/>\n\t<meta name=\"twitter:data2\" content=\"4 minutos\" \/>\n<script type=\"application\/ld+json\" class=\"yoast-schema-graph\">{\"@context\":\"https:\/\/schema.org\",\"@graph\":[{\"@type\":\"WebSite\",\"@id\":\"https:\/\/plataformakhetane.org\/#website\",\"url\":\"https:\/\/plataformakhetane.org\/\",\"name\":\"Plataforma Khetane\",\"description\":\"Movimiento Asociativo Gitano del Estado Espa\u00f1ol\",\"potentialAction\":[{\"@type\":\"SearchAction\",\"target\":{\"@type\":\"EntryPoint\",\"urlTemplate\":\"https:\/\/plataformakhetane.org\/?s={search_term_string}\"},\"query-input\":\"required name=search_term_string\"}],\"inLanguage\":\"es\"},{\"@type\":\"ImageObject\",\"@id\":\"https:\/\/plataformakhetane.org\/index.php\/2019\/03\/20\/acto-institucional-del-ayuntamiento-de-madrid-de-reparacion-con-el-pueblo-gitano-en-el-520-aniversario-de-la-pragmatica-de-los-reyes-catolicos\/#primaryimage\",\"inLanguage\":\"es\",\"url\":\"https:\/\/plataformakhetane.org\/wp-content\/uploads\/2019\/03\/270DEBC7-9819-4D87-BD32-C2C5F6C2B5B9.jpeg\",\"contentUrl\":\"https:\/\/plataformakhetane.org\/wp-content\/uploads\/2019\/03\/270DEBC7-9819-4D87-BD32-C2C5F6C2B5B9.jpeg\",\"width\":400,\"height\":279},{\"@type\":\"WebPage\",\"@id\":\"https:\/\/plataformakhetane.org\/index.php\/2019\/03\/20\/acto-institucional-del-ayuntamiento-de-madrid-de-reparacion-con-el-pueblo-gitano-en-el-520-aniversario-de-la-pragmatica-de-los-reyes-catolicos\/#webpage\",\"url\":\"https:\/\/plataformakhetane.org\/index.php\/2019\/03\/20\/acto-institucional-del-ayuntamiento-de-madrid-de-reparacion-con-el-pueblo-gitano-en-el-520-aniversario-de-la-pragmatica-de-los-reyes-catolicos\/\",\"name\":\"El simbolismo que repara al Pueblo Gitano - Plataforma Khetane\",\"isPartOf\":{\"@id\":\"https:\/\/plataformakhetane.org\/#website\"},\"primaryImageOfPage\":{\"@id\":\"https:\/\/plataformakhetane.org\/index.php\/2019\/03\/20\/acto-institucional-del-ayuntamiento-de-madrid-de-reparacion-con-el-pueblo-gitano-en-el-520-aniversario-de-la-pragmatica-de-los-reyes-catolicos\/#primaryimage\"},\"datePublished\":\"2019-03-20T10:50:48+00:00\",\"dateModified\":\"2019-03-21T14:11:39+00:00\",\"author\":{\"@id\":\"https:\/\/plataformakhetane.org\/#\/schema\/person\/5bdfe07dfdc3db09fbf99f771e0c9017\"},\"breadcrumb\":{\"@id\":\"https:\/\/plataformakhetane.org\/index.php\/2019\/03\/20\/acto-institucional-del-ayuntamiento-de-madrid-de-reparacion-con-el-pueblo-gitano-en-el-520-aniversario-de-la-pragmatica-de-los-reyes-catolicos\/#breadcrumb\"},\"inLanguage\":\"es\",\"potentialAction\":[{\"@type\":\"ReadAction\",\"target\":[\"https:\/\/plataformakhetane.org\/index.php\/2019\/03\/20\/acto-institucional-del-ayuntamiento-de-madrid-de-reparacion-con-el-pueblo-gitano-en-el-520-aniversario-de-la-pragmatica-de-los-reyes-catolicos\/\"]}]},{\"@type\":\"BreadcrumbList\",\"@id\":\"https:\/\/plataformakhetane.org\/index.php\/2019\/03\/20\/acto-institucional-del-ayuntamiento-de-madrid-de-reparacion-con-el-pueblo-gitano-en-el-520-aniversario-de-la-pragmatica-de-los-reyes-catolicos\/#breadcrumb\",\"itemListElement\":[{\"@type\":\"ListItem\",\"position\":1,\"name\":\"Portada\",\"item\":\"https:\/\/plataformakhetane.org\/\"},{\"@type\":\"ListItem\",\"position\":2,\"name\":\"El simbolismo que repara al Pueblo Gitano\"}]},{\"@type\":\"Person\",\"@id\":\"https:\/\/plataformakhetane.org\/#\/schema\/person\/5bdfe07dfdc3db09fbf99f771e0c9017\",\"name\":\"Plataforma Khetane\",\"image\":{\"@type\":\"ImageObject\",\"@id\":\"https:\/\/plataformakhetane.org\/#personlogo\",\"inLanguage\":\"es\",\"url\":\"https:\/\/secure.gravatar.com\/avatar\/f76b19d860d0d844afbb6c94250ad7e2?s=96&d=mm&r=g\",\"contentUrl\":\"https:\/\/secure.gravatar.com\/avatar\/f76b19d860d0d844afbb6c94250ad7e2?s=96&d=mm&r=g\",\"caption\":\"Plataforma Khetane\"},\"sameAs\":[\"https:\/\/www.plataformakhetane.com\",\"https:\/\/www.facebook.com\/Plataforma-Khetane-1269848463031206\/\",\"https:\/\/www.instagram.com\/plataformakhetane\/\",\"https:\/\/twitter.com\/PlatafKhetane\",\"https:\/\/www.youtube.com\/channel\/UCpCq173gSHV2_e9fwbqtTwA\"],\"url\":\"https:\/\/plataformakhetane.org\/index.php\/author\/gitano1_webkhetane\/\"}]}<\/script>\n<!-- \/ Yoast SEO plugin. -->","yoast_head_json":{"title":"El simbolismo que repara al Pueblo Gitano - Plataforma Khetane","robots":{"index":"index","follow":"follow","max-snippet":"max-snippet:-1","max-image-preview":"max-image-preview:large","max-video-preview":"max-video-preview:-1"},"canonical":"https:\/\/plataformakhetane.org\/index.php\/2019\/03\/20\/acto-institucional-del-ayuntamiento-de-madrid-de-reparacion-con-el-pueblo-gitano-en-el-520-aniversario-de-la-pragmatica-de-los-reyes-catolicos\/","og_locale":"es_ES","og_type":"article","og_title":"El simbolismo que repara al Pueblo Gitano - Plataforma Khetane","og_description":"Hoy es un d\u00eda hist\u00f3rico para el Pueblo Gitano con este acto que esperamos que genere el efecto bola de nieve para que otras instituciones impulsen procesos de reparaci\u00f3n de nuestro Pueblo. El Ayuntamiento de Madrid hace un acto simb\u00f3lico de reparaci\u00f3n con nuestro Pueblo en el 520 aniversario de la firma de la pragm\u00e1tica [&hellip;]","og_url":"https:\/\/plataformakhetane.org\/index.php\/2019\/03\/20\/acto-institucional-del-ayuntamiento-de-madrid-de-reparacion-con-el-pueblo-gitano-en-el-520-aniversario-de-la-pragmatica-de-los-reyes-catolicos\/","og_site_name":"Plataforma Khetane","article_author":"https:\/\/www.facebook.com\/Plataforma-Khetane-1269848463031206\/","article_published_time":"2019-03-20T10:50:48+00:00","article_modified_time":"2019-03-21T14:11:39+00:00","og_image":[{"width":400,"height":279,"url":"https:\/\/plataformakhetane.org\/wp-content\/uploads\/2019\/03\/270DEBC7-9819-4D87-BD32-C2C5F6C2B5B9.jpeg","type":"image\/jpeg"}],"twitter_card":"summary","twitter_creator":"@PlatafKhetane","twitter_misc":{"Escrito por":"Plataforma Khetane","Tiempo de lectura":"4 minutos"},"schema":{"@context":"https:\/\/schema.org","@graph":[{"@type":"WebSite","@id":"https:\/\/plataformakhetane.org\/#website","url":"https:\/\/plataformakhetane.org\/","name":"Plataforma Khetane","description":"Movimiento Asociativo Gitano del Estado Espa\u00f1ol","potentialAction":[{"@type":"SearchAction","target":{"@type":"EntryPoint","urlTemplate":"https:\/\/plataformakhetane.org\/?s={search_term_string}"},"query-input":"required name=search_term_string"}],"inLanguage":"es"},{"@type":"ImageObject","@id":"https:\/\/plataformakhetane.org\/index.php\/2019\/03\/20\/acto-institucional-del-ayuntamiento-de-madrid-de-reparacion-con-el-pueblo-gitano-en-el-520-aniversario-de-la-pragmatica-de-los-reyes-catolicos\/#primaryimage","inLanguage":"es","url":"https:\/\/plataformakhetane.org\/wp-content\/uploads\/2019\/03\/270DEBC7-9819-4D87-BD32-C2C5F6C2B5B9.jpeg","contentUrl":"https:\/\/plataformakhetane.org\/wp-content\/uploads\/2019\/03\/270DEBC7-9819-4D87-BD32-C2C5F6C2B5B9.jpeg","width":400,"height":279},{"@type":"WebPage","@id":"https:\/\/plataformakhetane.org\/index.php\/2019\/03\/20\/acto-institucional-del-ayuntamiento-de-madrid-de-reparacion-con-el-pueblo-gitano-en-el-520-aniversario-de-la-pragmatica-de-los-reyes-catolicos\/#webpage","url":"https:\/\/plataformakhetane.org\/index.php\/2019\/03\/20\/acto-institucional-del-ayuntamiento-de-madrid-de-reparacion-con-el-pueblo-gitano-en-el-520-aniversario-de-la-pragmatica-de-los-reyes-catolicos\/","name":"El simbolismo que repara al Pueblo Gitano - Plataforma Khetane","isPartOf":{"@id":"https:\/\/plataformakhetane.org\/#website"},"primaryImageOfPage":{"@id":"https:\/\/plataformakhetane.org\/index.php\/2019\/03\/20\/acto-institucional-del-ayuntamiento-de-madrid-de-reparacion-con-el-pueblo-gitano-en-el-520-aniversario-de-la-pragmatica-de-los-reyes-catolicos\/#primaryimage"},"datePublished":"2019-03-20T10:50:48+00:00","dateModified":"2019-03-21T14:11:39+00:00","author":{"@id":"https:\/\/plataformakhetane.org\/#\/schema\/person\/5bdfe07dfdc3db09fbf99f771e0c9017"},"breadcrumb":{"@id":"https:\/\/plataformakhetane.org\/index.php\/2019\/03\/20\/acto-institucional-del-ayuntamiento-de-madrid-de-reparacion-con-el-pueblo-gitano-en-el-520-aniversario-de-la-pragmatica-de-los-reyes-catolicos\/#breadcrumb"},"inLanguage":"es","potentialAction":[{"@type":"ReadAction","target":["https:\/\/plataformakhetane.org\/index.php\/2019\/03\/20\/acto-institucional-del-ayuntamiento-de-madrid-de-reparacion-con-el-pueblo-gitano-en-el-520-aniversario-de-la-pragmatica-de-los-reyes-catolicos\/"]}]},{"@type":"BreadcrumbList","@id":"https:\/\/plataformakhetane.org\/index.php\/2019\/03\/20\/acto-institucional-del-ayuntamiento-de-madrid-de-reparacion-con-el-pueblo-gitano-en-el-520-aniversario-de-la-pragmatica-de-los-reyes-catolicos\/#breadcrumb","itemListElement":[{"@type":"ListItem","position":1,"name":"Portada","item":"https:\/\/plataformakhetane.org\/"},{"@type":"ListItem","position":2,"name":"El simbolismo que repara al Pueblo Gitano"}]},{"@type":"Person","@id":"https:\/\/plataformakhetane.org\/#\/schema\/person\/5bdfe07dfdc3db09fbf99f771e0c9017","name":"Plataforma Khetane","image":{"@type":"ImageObject","@id":"https:\/\/plataformakhetane.org\/#personlogo","inLanguage":"es","url":"https:\/\/secure.gravatar.com\/avatar\/f76b19d860d0d844afbb6c94250ad7e2?s=96&d=mm&r=g","contentUrl":"https:\/\/secure.gravatar.com\/avatar\/f76b19d860d0d844afbb6c94250ad7e2?s=96&d=mm&r=g","caption":"Plataforma Khetane"},"sameAs":["https:\/\/www.plataformakhetane.com","https:\/\/www.facebook.com\/Plataforma-Khetane-1269848463031206\/","https:\/\/www.instagram.com\/plataformakhetane\/","https:\/\/twitter.com\/PlatafKhetane","https:\/\/www.youtube.com\/channel\/UCpCq173gSHV2_e9fwbqtTwA"],"url":"https:\/\/plataformakhetane.org\/index.php\/author\/gitano1_webkhetane\/"}]}},"_links":{"self":[{"href":"https:\/\/plataformakhetane.org\/index.php\/wp-json\/wp\/v2\/posts\/2725"}],"collection":[{"href":"https:\/\/plataformakhetane.org\/index.php\/wp-json\/wp\/v2\/posts"}],"about":[{"href":"https:\/\/plataformakhetane.org\/index.php\/wp-json\/wp\/v2\/types\/post"}],"author":[{"embeddable":true,"href":"https:\/\/plataformakhetane.org\/index.php\/wp-json\/wp\/v2\/users\/1"}],"replies":[{"embeddable":true,"href":"https:\/\/plataformakhetane.org\/index.php\/wp-json\/wp\/v2\/comments?post=2725"}],"version-history":[{"count":21,"href":"https:\/\/plataformakhetane.org\/index.php\/wp-json\/wp\/v2\/posts\/2725\/revisions"}],"predecessor-version":[{"id":2829,"href":"https:\/\/plataformakhetane.org\/index.php\/wp-json\/wp\/v2\/posts\/2725\/revisions\/2829"}],"wp:featuredmedia":[{"embeddable":true,"href":"https:\/\/plataformakhetane.org\/index.php\/wp-json\/wp\/v2\/media\/2726"}],"wp:attachment":[{"href":"https:\/\/plataformakhetane.org\/index.php\/wp-json\/wp\/v2\/media?parent=2725"}],"wp:term":[{"taxonomy":"category","embeddable":true,"href":"https:\/\/plataformakhetane.org\/index.php\/wp-json\/wp\/v2\/categories?post=2725"},{"taxonomy":"post_tag","embeddable":true,"href":"https:\/\/plataformakhetane.org\/index.php\/wp-json\/wp\/v2\/tags?post=2725"}],"curies":[{"name":"wp","href":"https:\/\/api.w.org\/{rel}","templated":true}]}}